{"id":38721,"date":"2018-07-09T02:56:39","date_gmt":"2018-07-09T02:56:39","guid":{"rendered":"https:\/\/goiasemtempo.com.br\/home\/?p=38721"},"modified":"2018-07-09T02:56:39","modified_gmt":"2018-07-09T02:56:39","slug":"jungmann-rebate-criticas-de-petistas-a-atuacao-da-pf-por-nao-soltura-de-lula","status":"publish","type":"post","link":"https:\/\/goiasemtempo.com.br\/home\/jungmann-rebate-criticas-de-petistas-a-atuacao-da-pf-por-nao-soltura-de-lula\/","title":{"rendered":"Jungmann rebate cr\u00edticas de petistas \u00e0 atua\u00e7\u00e3o da PF por n\u00e3o soltura de Lula"},"content":{"rendered":"<p>O ministro da Seguran\u00e7a P\u00fablica, Raul Jungmann, respondeu \u00e0s cr\u00edticas de petistas de que a Pol\u00edcia Federal, sob as ordens de sua pasta, teria evitado cumprir a decis\u00e3o do juiz federal Rog\u00e9rio Favreto, do TRF-4 (Tribunal Regional Federal da 4\u00aa Regi\u00e3o), de soltar o ex-presidente Luiz In\u00e1cio Lula da Silva neste domingo (8).<\/p>\n<p>Jungmann disse que &#8220;a PF, tempestiva e objetivamente, cumpre ordens judiciais&#8221;. Ele negou sua interfer\u00eancia no caso.&#8221;Qualquer a\u00e7\u00e3o minha, numa ou noutra dire\u00e7\u00e3o, poderia vir a configurar obstru\u00e7\u00e3o do devido processo legal&#8221;, afirmou. &#8220;Apenas fui mantido informado e acompanhei os acontecimentos durante seu desenrolar. Nada al\u00e9m disso.&#8221;<\/p>\n<p>Em discurso em S\u00e3o Bernardo do Campo, na sede do Sindicato dos Metal\u00fargicos, a presidente do PT, Gleisi Hoffmann, disse que Jungmann devia explica\u00e7\u00f5es sobre a atua\u00e7\u00e3o da PF no caso.&#8221;Estamos tentando falar com o ministro Raul Jungmann, que tem muito a explicar sobre a PF. Ele disse que queria cumprir a decis\u00e3o mas recebeu orienta\u00e7\u00e3o do Thompson [Flores] para esperar. Que tipo de ministro \u00e9 esse que recebe orienta\u00e7\u00e3o de outro desembargador e n\u00e3o cumpre ordem judicial?&#8221;, questionou a petista.<\/p>\n<p>No discurso, Gleisi afirmou que a PF foi &#8220;conivente&#8221;, &#8220;ao adiar a soltura para dar tempo para a manobra&#8221; no judici\u00e1rio. &#8220;A pol\u00edcia enrolou, enrolou, enrolou, disse que a decis\u00e3o demorou a chegar, que tinha ido pelo sistema errado. E o que aconteceu? O presidente do TRF4, este senhor que conhecemos, deu orienta\u00e7\u00e3o administrativa para n\u00e3o cumprir a decis\u00e3o. \u00c9 absolutamente ilegal o que est\u00e1 acontecendo&#8221;, disse Gleisi. Com informa\u00e7\u00f5es da Folhapress.<\/p>\n","protected":false},"excerpt":{"rendered":"<p>O ministro da Seguran\u00e7a P\u00fablica, Raul Jungmann, respondeu \u00e0s cr\u00edticas de petistas de que a Pol\u00edcia Federal, sob as ordens de sua pasta, teria evitado cumprir a decis\u00e3o do juiz federal Rog\u00e9rio Favreto, do TRF-4 (Tribunal Regional Federal da 4\u00aa Regi\u00e3o), de soltar o ex-presidente Luiz In\u00e1cio Lula da Silva neste domingo (8). Jungmann disse &hellip;<\/p>\n","protected":false},"author":3,"featured_media":38722,"comment_status":"open","ping_status":"open","sticky":false,"template":"","format":"standard","meta":{"_exactmetrics_skip_tracking":false,"_exactmetrics_sitenote_active":false,"_exactmetrics_sitenote_note":"","_exactmetrics_sitenote_category":0,"footnotes":""},"categories":[2],"tags":[],"_links":{"self":[{"href":"https:\/\/goiasemtempo.com.br\/home\/wp-json\/wp\/v2\/posts\/38721"}],"collection":[{"href":"https:\/\/goiasemtempo.com.br\/home\/wp-json\/wp\/v2\/posts"}],"about":[{"href":"https:\/\/goiasemtempo.com.br\/home\/wp-json\/wp\/v2\/types\/post"}],"author":[{"embeddable":true,"href":"https:\/\/goiasemtempo.com.br\/home\/wp-json\/wp\/v2\/users\/3"}],"replies":[{"embeddable":true,"href":"https:\/\/goiasemtempo.com.br\/home\/wp-json\/wp\/v2\/comments?post=38721"}],"version-history":[{"count":1,"href":"https:\/\/goiasemtempo.com.br\/home\/wp-json\/wp\/v2\/posts\/38721\/revisions"}],"predecessor-version":[{"id":38723,"href":"https:\/\/goiasemtempo.com.br\/home\/wp-json\/wp\/v2\/posts\/38721\/revisions\/38723"}],"wp:featuredmedia":[{"embeddable":true,"href":"https:\/\/goiasemtempo.com.br\/home\/wp-json\/wp\/v2\/media\/38722"}],"wp:attachment":[{"href":"https:\/\/goiasemtempo.com.br\/home\/wp-json\/wp\/v2\/media?parent=38721"}],"wp:term":[{"taxonomy":"category","embeddable":true,"href":"https:\/\/goiasemtempo.com.br\/home\/wp-json\/wp\/v2\/categories?post=38721"},{"taxonomy":"post_tag","embeddable":true,"href":"https:\/\/goiasemtempo.com.br\/home\/wp-json\/wp\/v2\/tags?post=38721"}],"curies":[{"name":"wp","href":"https:\/\/api.w.org\/{rel}","templated":true}]}}