{"id":38584,"date":"2018-07-05T17:14:05","date_gmt":"2018-07-05T17:14:05","guid":{"rendered":"https:\/\/goiasemtempo.com.br\/home\/?p=38584"},"modified":"2018-07-05T17:14:05","modified_gmt":"2018-07-05T17:14:05","slug":"ministro-do-trabalho-presta-depoimento-a-policia-federal-em-brasilia","status":"publish","type":"post","link":"https:\/\/goiasemtempo.com.br\/home\/ministro-do-trabalho-presta-depoimento-a-policia-federal-em-brasilia\/","title":{"rendered":"Ministro do Trabalho presta depoimento \u00e0 Pol\u00edcia Federal em Brasilia"},"content":{"rendered":"<p>Alvo da 3\u00aa fase da Opera\u00e7\u00e3o Registro Esp\u00fario, deflagrada hoje (5), pela Pol\u00edcia Federal (PF), o ministro do Trabalho, Helton Yomura, prestou depoimento na superintend\u00eancia do \u00f3rg\u00e3o, em Bras\u00edlia.<\/p>\n<p>Yomura apresentou-se acompanhado por seu advogado por volta das 10h30. E dep\u00f4s por cerca de 1h. Como as investiga\u00e7\u00f5es correm em sigilo, a PF n\u00e3o confirmou detalhes da opera\u00e7\u00e3o.<\/p>\n<p>&nbsp;<\/p>\n<div class=\"dnd-widget-wrapper context-cheio_8colunas type-image\">\n<div class=\"dnd-atom-rendered\">\n<figure class=\"mejs-fotoh-wrapper\"><img decoding=\"async\" class=\"img-responsive full full\" title=\"Jos\u00e9 Cruz\/Ag\u00eancia Brasil\/Ag\u00eancia Brasil\" src=\"http:\/\/imagens.ebc.com.br\/-FoAJX_SuN-RuIsD2-U8IBEGI5o=\/754x0\/smart\/http:\/\/agenciabrasil.ebc.com.br\/sites\/default\/files\/thumbnails\/image\/jfcrz_abr_0507180992.jpg?itok=G2fbDYSG\" alt=\"O ministro do Trabalho, Helton Yomura, deixa a sede da superintend\u00eancia da policia federal, ap\u00f3s prestar depoimento \" \/><\/figure>\n<\/div>\n<div class=\"dnd-caption-wrapper\">\n<div class=\"meta\">O ministro do Trabalho, Helton Yomura, deixa a sede da superintend\u00eancia da Policia Federal, ap\u00f3s prestar depoimento &#8211;\u00a0<strong>Jos\u00e9 Cruz\/Ag\u00eancia Brasil<\/strong><\/div>\n<\/div>\n<\/div>\n<p>Em nota, a corpora\u00e7\u00e3o explicou apenas que a nova fase da opera\u00e7\u00e3o Registro Esp\u00fario tem o objetivo de combater uma organiza\u00e7\u00e3o criminosa que atuava na concess\u00e3o fraudulenta de registros sindicais no Minist\u00e9rio do Trabalho.<\/p>\n<p>Dez mandados de busca e apreens\u00e3o e tr\u00eas de pris\u00e3o tempor\u00e1ria expedidos pelo Supremo Tribunal Federal (STF) a pedido da Pol\u00edcia Federal e da Procuradoria-Geral da Rep\u00fablica est\u00e3o sendo cumpridos em Bras\u00edlia e no Rio de Janeiro.<\/p>\n<p>Em nota, o advogado do ministro, C\u00e9sar Caputo Guimar\u00e3es, confirmou que, em fun\u00e7\u00e3o das investiga\u00e7\u00f5es, Yomura est\u00e1 suspenso de suas fun\u00e7\u00f5es no minist\u00e9rio e que todas as medidas jur\u00eddicas cab\u00edveis est\u00e3o sendo adotadas para reverter tal medida, determinada pelo Supremo Tribunal Federal (STF).<\/p>\n<p>Sobre as suspeitas que recaem sobre o minist\u00e9rio, a defesa afirma que o ministro \u201cadotou rigorosas provid\u00eancias institucionais para a garantia do interesse p\u00fablico\u201d, entre elas, a exonera\u00e7\u00e3o imediata de todos os servidores sob investiga\u00e7\u00e3o, abertura de sindic\u00e2ncia e processos administrativos para averigua\u00e7\u00e3o dos fatos e suspens\u00e3o de todos os atos que pudessem provocar repercuss\u00f5es no \u00e2mbito da investiga\u00e7\u00e3o.<\/p>\n<p>\u201cTendo a certeza de n\u00e3o ter cometido nenhum ato il\u00edcito e que suas a\u00e7\u00f5es correspondem a uma pol\u00edtica de valoriza\u00e7\u00e3o dos trabalhadores e das institui\u00e7\u00f5es, o ministro Helton Yomura, mesmo n\u00e3o sabendo de que atos est\u00e1 sendo acusado, nega veementemente qualquer imputa\u00e7\u00e3o de crime ou irregularidade\u201d, acrescenta a nota da defesa.<\/p>\n<h2>Nota do PTB<\/h2>\n<p>Em nota, o presidente do PTB, Roberto Jefferson, reafirmou seu apoio \u00e0s investiga\u00e7\u00f5es da Opera\u00e7\u00e3o Registro Esp\u00fario no \u00e2mbito do Minist\u00e9rio do Trabalho. \u201cComo j\u00e1 foi dito, se houve irregularidade na pasta caber\u00e1 aos respons\u00e1veis responder \u00e0 Justi\u00e7a por seus atos\u201d, diz o documento.<\/p>\n<p>O presidente do PTB ressaltou, no entanto, que o partido n\u00e3o concorda \u201ccom infer\u00eancias divulgadas antes que as investiga\u00e7\u00f5es estejam conclu\u00eddas. Pessoalmente, insisto: n\u00e3o participei de qualquer esquema esp\u00fario no Minist\u00e9rio do Trabalho. E acrescento que minha colabora\u00e7\u00e3o restringiu-se a apoio pol\u00edtico ao governo para que o PTB comandasse a pasta\u201d.<\/p>\n<p>Roberto Jefferson finaliza a nota comunicando que \u201ca Executiva Nacional do PTB coloca o Minist\u00e9rio do Trabalho \u00e0 disposi\u00e7\u00e3o do governo Michel Temer\u201d.<\/p>\n<p><em>* Mat\u00e9ria alterada \u00e0s 12h para acrescentar a nota do PTB.<\/em><\/p>\n<p>*\u00a0<em>Mat\u00e9ria alterada \u00e0s 12h22 para acr\u00e9scimo de informa\u00e7\u00f5es.<\/em><\/p>\n<div class=\"edicao\">Edi\u00e7\u00e3o:\u00a0<span class=\"txtPolitica\">Val\u00e9ria Aguiar<\/span><\/div>\n","protected":false},"excerpt":{"rendered":"<p>Alvo da 3\u00aa fase da Opera\u00e7\u00e3o Registro Esp\u00fario, deflagrada hoje (5), pela Pol\u00edcia Federal (PF), o ministro do Trabalho, Helton Yomura, prestou depoimento na superintend\u00eancia do \u00f3rg\u00e3o, em Bras\u00edlia. Yomura apresentou-se acompanhado por seu advogado por volta das 10h30. E dep\u00f4s por cerca de 1h. Como as investiga\u00e7\u00f5es correm em sigilo, a PF n\u00e3o confirmou &hellip;<\/p>\n","protected":false},"author":3,"featured_media":38585,"comment_status":"open","ping_status":"open","sticky":false,"template":"","format":"standard","meta":{"_exactmetrics_skip_tracking":false,"_exactmetrics_sitenote_active":false,"_exactmetrics_sitenote_note":"","_exactmetrics_sitenote_category":0,"footnotes":""},"categories":[26],"tags":[],"_links":{"self":[{"href":"https:\/\/goiasemtempo.com.br\/home\/wp-json\/wp\/v2\/posts\/38584"}],"collection":[{"href":"https:\/\/goiasemtempo.com.br\/home\/wp-json\/wp\/v2\/posts"}],"about":[{"href":"https:\/\/goiasemtempo.com.br\/home\/wp-json\/wp\/v2\/types\/post"}],"author":[{"embeddable":true,"href":"https:\/\/goiasemtempo.com.br\/home\/wp-json\/wp\/v2\/users\/3"}],"replies":[{"embeddable":true,"href":"https:\/\/goiasemtempo.com.br\/home\/wp-json\/wp\/v2\/comments?post=38584"}],"version-history":[{"count":1,"href":"https:\/\/goiasemtempo.com.br\/home\/wp-json\/wp\/v2\/posts\/38584\/revisions"}],"predecessor-version":[{"id":38586,"href":"https:\/\/goiasemtempo.com.br\/home\/wp-json\/wp\/v2\/posts\/38584\/revisions\/38586"}],"wp:featuredmedia":[{"embeddable":true,"href":"https:\/\/goiasemtempo.com.br\/home\/wp-json\/wp\/v2\/media\/38585"}],"wp:attachment":[{"href":"https:\/\/goiasemtempo.com.br\/home\/wp-json\/wp\/v2\/media?parent=38584"}],"wp:term":[{"taxonomy":"category","embeddable":true,"href":"https:\/\/goiasemtempo.com.br\/home\/wp-json\/wp\/v2\/categories?post=38584"},{"taxonomy":"post_tag","embeddable":true,"href":"https:\/\/goiasemtempo.com.br\/home\/wp-json\/wp\/v2\/tags?post=38584"}],"curies":[{"name":"wp","href":"https:\/\/api.w.org\/{rel}","templated":true}]}}