{"id":38419,"date":"2018-07-01T17:57:58","date_gmt":"2018-07-01T17:57:58","guid":{"rendered":"https:\/\/goiasemtempo.com.br\/home\/?p=38419"},"modified":"2018-07-01T17:57:58","modified_gmt":"2018-07-01T17:57:58","slug":"com-supremo-de-recesso-carmen-lucia-julgara-recursos-urgentes","status":"publish","type":"post","link":"https:\/\/goiasemtempo.com.br\/home\/com-supremo-de-recesso-carmen-lucia-julgara-recursos-urgentes\/","title":{"rendered":"Com Supremo de recesso, C\u00e1rmen L\u00facia julgar\u00e1 recursos urgentes"},"content":{"rendered":"<p>O Supremo Tribunal Federal (STF) entra em recesso de 30 dias a partir desta\u00a0<span id=\"OBJ_PREFIX_DWT158_com_zimbra_date\"><span id=\"OBJ_PREFIX_DWT1839_com_zimbra_date\" role=\"link\">segunda<\/span><\/span>-feira (2). Com o per\u00edodo de f\u00e9rias dos ministros, previsto em lei, n\u00e3o haver\u00e1 sess\u00f5es das duas turmas da Corte e do plen\u00e1rio, mas as quest\u00f5es urgentes que chegarem ao STF ser\u00e3o julgadas pela presidente, ministra C\u00e1rmen L\u00facia, que atuar\u00e1 no plant\u00e3o.<\/p>\n<div class=\"dnd-widget-wrapper context-medio_4colunas type-image atom-align-left\">\n<div class=\"dnd-atom-rendered\">\n<figure class=\"mejs-fotoh-wrapper\"><img decoding=\"async\" class=\"img-responsive full full\" title=\"Antonio Cruz\/Ag\u00eancia Brasil\/Ag\u00eancia Brasil\" src=\"http:\/\/imagens.ebc.com.br\/y89JKGcwFkNLMiq2VSiszjeWoQU=\/365x0\/smart\/http:\/\/agenciabrasil.ebc.com.br\/sites\/default\/files\/thumbnails\/image\/antcruz_abr_30052018-9810.jpg?itok=EJ-r9Srn\" alt=\"A presidente do Supremo Tribunal Federal (STF), ministra C\u00e1rmen L\u00facia, durante sess\u00e3o plen\u00e1ria.\" \/><\/figure>\n<\/div>\n<div class=\"dnd-caption-wrapper\">\n<div class=\"meta\">A ministra C\u00e1rmen L\u00facia julgar\u00e1 as quest\u00f5es urgentes que chegarem ao STF (<strong>Antonio Cruz\/Ag\u00eancia Brasil)<\/strong><\/div>\n<div><\/div>\n<\/div>\n<\/div>\n<p>Em agosto, ap\u00f3s o retorno dos trabalhos, j\u00e1 foram pautados diversos processos sobre temas pol\u00eamicos que aguardavam julgamento pela Corte.<\/p>\n<p>No dia\u00a0<span id=\"OBJ_PREFIX_DWT159_com_zimbra_date\"><span id=\"OBJ_PREFIX_DWT1840_com_zimbra_date\" role=\"link\">30 de agosto<\/span><\/span>, o STF deve julgar uma a\u00e7\u00e3o que trata da possibilidade de pais se recusarem a matricular seus filhos em escolas p\u00fablicas ou privadas tradicionais e educ\u00e1-los em casa. A pr\u00e1tica, conhecida como\u00a0<em>homeschooling<\/em>, n\u00e3o tem previs\u00e3o na legisla\u00e7\u00e3o.<\/p>\n<p>O plen\u00e1rio tamb\u00e9m decidir\u00e1 se referenda a liminar proferida nesta semana pelo ministro Ricardo Lewandowski, que\u00a0<span id=\"OBJ_PREFIX_DWT160_com_zimbra_url\"><span id=\"OBJ_PREFIX_DWT1841_com_zimbra_url\" role=\"link\"><a href=\"http:\/\/agenciabrasil.ebc.com.br\/justica\/noticia\/2018-06\/lewandowski-proibe-venda-do-controle-acionario-de-empresas-publicas\" target=\"_blank\" rel=\"noopener\">impediu que o governo venda<\/a><\/span><\/span>, sem autoriza\u00e7\u00e3o do Legislativo, o controle acion\u00e1rio de empresas p\u00fablicas de economia mista, como a\u00a0Petrobras e a Eletrobras, por exemplo.<\/p>\n<p>O recurso no qual o ex-presidente Luiz In\u00e1cio Lula da Silva pretende ganhar liberdade tamb\u00e9m pode ser julgado ap\u00f3s o recesso, mas a data ainda n\u00e3o foi definida.<\/p>\n<p>Na\u00a0<span id=\"OBJ_PREFIX_DWT1842_com_zimbra_date\" role=\"link\">quinta<\/span>-feira (28) \u00e0 noite, o pedido foi liberado para julgamento em plen\u00e1rio pelo relator ministro Edson Fachin.\u00a0A sess\u00e3o de\u00a0<span id=\"OBJ_PREFIX_DWT162_com_zimbra_date\"><span id=\"OBJ_PREFIX_DWT1843_com_zimbra_date\" role=\"link\">sexta<\/span>-feira<\/span>\u00a0(29) foi a \u00faltima antes de os ministros do STF iniciarem o recesso forense.<\/p>\n<p>Eles s\u00f3 voltar\u00e3o a se reunir em plen\u00e1rio em\u00a0<span id=\"OBJ_PREFIX_DWT163_com_zimbra_date\"><span id=\"OBJ_PREFIX_DWT1844_com_zimbra_date\" role=\"link\">8 de agosto<\/span><\/span>. Durante a sess\u00e3o, C\u00e1rmen L\u00facia disse que n\u00e3o pautaria o pedido de Lula por orienta\u00e7\u00e3o de Fachin.<\/p>\n<p>A partir do dia\u00a0<span id=\"OBJ_PREFIX_DWT164_com_zimbra_date\"><span id=\"OBJ_PREFIX_DWT1845_com_zimbra_date\" role=\"link\">12 de setembro<\/span><\/span>, C\u00e1rmen L\u00facia deixar\u00e1 a presid\u00eancia da Corte, ap\u00f3s dois anos no cargo, que ser\u00e1 ocupado pelo ministro Dias Toffoli. O mandato de presidente da Corte \u00e9 improrrog\u00e1vel.<\/p>\n<div class=\"edicao\">Edi\u00e7\u00e3o:\u00a0<span class=\"txtJustica\">Armando Cardoso<\/span><\/div>\n<div><span class=\"txtJustica\">Andr\u00e9 Richter &#8211; Rep\u00f3rter da Ag\u00eancia Brasil\u00a0<span class=\"newsLocation\">\u00a0Bras\u00edlia<\/span><\/span><\/div>\n","protected":false},"excerpt":{"rendered":"<p>O Supremo Tribunal Federal (STF) entra em recesso de 30 dias a partir desta\u00a0segunda-feira (2). Com o per\u00edodo de f\u00e9rias dos ministros, previsto em lei, n\u00e3o haver\u00e1 sess\u00f5es das duas turmas da Corte e do plen\u00e1rio, mas as quest\u00f5es urgentes que chegarem ao STF ser\u00e3o julgadas pela presidente, ministra C\u00e1rmen L\u00facia, que atuar\u00e1 no plant\u00e3o. &hellip;<\/p>\n","protected":false},"author":3,"featured_media":38420,"comment_status":"open","ping_status":"open","sticky":false,"template":"","format":"standard","meta":{"_exactmetrics_skip_tracking":false,"_exactmetrics_sitenote_active":false,"_exactmetrics_sitenote_note":"","_exactmetrics_sitenote_category":0,"footnotes":""},"categories":[26],"tags":[],"_links":{"self":[{"href":"https:\/\/goiasemtempo.com.br\/home\/wp-json\/wp\/v2\/posts\/38419"}],"collection":[{"href":"https:\/\/goiasemtempo.com.br\/home\/wp-json\/wp\/v2\/posts"}],"about":[{"href":"https:\/\/goiasemtempo.com.br\/home\/wp-json\/wp\/v2\/types\/post"}],"author":[{"embeddable":true,"href":"https:\/\/goiasemtempo.com.br\/home\/wp-json\/wp\/v2\/users\/3"}],"replies":[{"embeddable":true,"href":"https:\/\/goiasemtempo.com.br\/home\/wp-json\/wp\/v2\/comments?post=38419"}],"version-history":[{"count":1,"href":"https:\/\/goiasemtempo.com.br\/home\/wp-json\/wp\/v2\/posts\/38419\/revisions"}],"predecessor-version":[{"id":38421,"href":"https:\/\/goiasemtempo.com.br\/home\/wp-json\/wp\/v2\/posts\/38419\/revisions\/38421"}],"wp:featuredmedia":[{"embeddable":true,"href":"https:\/\/goiasemtempo.com.br\/home\/wp-json\/wp\/v2\/media\/38420"}],"wp:attachment":[{"href":"https:\/\/goiasemtempo.com.br\/home\/wp-json\/wp\/v2\/media?parent=38419"}],"wp:term":[{"taxonomy":"category","embeddable":true,"href":"https:\/\/goiasemtempo.com.br\/home\/wp-json\/wp\/v2\/categories?post=38419"},{"taxonomy":"post_tag","embeddable":true,"href":"https:\/\/goiasemtempo.com.br\/home\/wp-json\/wp\/v2\/tags?post=38419"}],"curies":[{"name":"wp","href":"https:\/\/api.w.org\/{rel}","templated":true}]}}