{"id":38385,"date":"2018-06-30T13:20:33","date_gmt":"2018-06-30T13:20:33","guid":{"rendered":"https:\/\/goiasemtempo.com.br\/home\/?p=38385"},"modified":"2018-06-30T13:22:43","modified_gmt":"2018-06-30T13:22:43","slug":"emblema-de-brasilia-teatro-nacional-esta-fechado-ha-4-anos","status":"publish","type":"post","link":"https:\/\/goiasemtempo.com.br\/home\/emblema-de-brasilia-teatro-nacional-esta-fechado-ha-4-anos\/","title":{"rendered":"Emblema de Bras\u00edlia, Teatro Nacional est\u00e1 fechado h\u00e1 4 anos"},"content":{"rendered":"<p>O secret\u00e1rio de Cultura do Distrito Federal, Guilherme Reis, entra no Teatro Nacional Claudio Santoro e para pr\u00f3ximo \u00e0 porta. \u201cQue cheiro \u00e9 esse? Vem aqui\u201d, chama o seguran\u00e7a mais pr\u00f3ximo. \u201cTem que limpar isso\u201d. Pega o telefone: \u201cAl\u00f4, est\u00e1 com um cheiro terr\u00edvel aqui na entrada do teatro, por favor, providencie a limpeza\u201d, fala com um funcion\u00e1rio da secretaria.<\/p>\n<p>O seguran\u00e7a, que aguardava ao lado, explica que o cheiro (de urina) vem da canaleta no ch\u00e3o, que se estende at\u00e9 a \u00e1rea externa. Diz ainda que o local foi limpo de manh\u00e3 cedo, mas que os funcion\u00e1rios n\u00e3o t\u00eam controle sobre o que acontece l\u00e1 fora. \u201cVamos ver de onde vem e colocar um tapume, isso n\u00e3o pode acontecer\u201d, esbraveja Reis.<\/p>\n<p>Projetado por Oscar Niemeyer na forma de uma pir\u00e2mide asteca, o Teatro Nacional est\u00e1 localizado no cora\u00e7\u00e3o do Plano do Piloto de Bras\u00edlia \u2013\u00a0declarado Patrim\u00f4nio Mundial pela Unesco desde 1987 \u2013, pr\u00f3ximo \u00e0 rodovi\u00e1ria, local de grande circula\u00e7\u00e3o. Mas o principal equipamento cultural de Bras\u00edlia est\u00e1 fechado desde 2014, sofre com a deteriora\u00e7\u00e3o e precisaria de R$ 220 milh\u00f5es para sua reforma e restauro completo.<\/p>\n<div class=\"dnd-widget-wrapper context-medio_4colunas type-image atom-align-left\">\n<div class=\"dnd-atom-rendered\">\n<figure class=\"mejs-fotoh-wrapper\"><img decoding=\"async\" class=\"img-responsive full full\" title=\"Marcelo Camargo\/Ag\u00eancia Brasil\/Ag\u00eancia Brasil\" src=\"http:\/\/imagens.ebc.com.br\/LVAyd9t-Taa0_A2j8ffEvIDpKpg=\/365x0\/smart\/http:\/\/agenciabrasil.ebc.com.br\/sites\/default\/files\/thumbnails\/image\/secretario_de_cultura_do_df_guilherme_reis.jpg?itok=g8abiviB\" alt=\"O secret\u00e1rio de Cultura do Distrito Federal, Guilherme Reis, em entrevista para a Ag\u00eancia Brasil\" \/><\/figure>\n<\/div>\n<div class=\"dnd-caption-wrapper\">\n<div class=\"meta\">O secret\u00e1rio de Cultura do Distrito Federal, Guilherme Reis, em entrevista para a Ag\u00eancia Brasil &#8211;\u00a0<strong>Marcelo Camargo\/Ag\u00eancia Brasil<\/strong><\/div>\n<\/div>\n<\/div>\n<p>\u201cA prioridade zero da Secretaria sempre foi o Teatro Nacional, por tudo que ele representa\u201d, diz Reis. \u201cS\u00f3 que chegamos a\u00a0janeiro de 2015 com uma crise absurda. At\u00e9 2016 era imposs\u00edvel priorizar a obra.\u201d\u00a0Quando Rodrigo Rollemberg (PSB) tomou posse como governador, o Distrito Federal, rec\u00e9m-sa\u00eddo de uma Copa do Mundo, apresentava um d\u00e9ficit nas contas de R$ 6,5 bilh\u00f5es, o que prejudicou inclusive o pagamento de sal\u00e1rios a funcion\u00e1rios.<\/p>\n<p>Hoje, a Cultura tem a previs\u00e3o de R$ 100,9 milh\u00f5es para 2018, o que equivale a 0,24% do total de R$ 42,4 bilh\u00f5es do or\u00e7amento do Distrito Federal, inclu\u00eddos os repasses da Uni\u00e3o. A previs\u00e3o para a pasta teve uma queda de pouco mais de 27% em rela\u00e7\u00e3o a 2017. Como se v\u00ea, s\u00f3 a reforma do teatro consumiria o dobro do or\u00e7amento da Cultura \u2013 por isso, a op\u00e7\u00e3o foi pela reforma gradual dos v\u00e1rios espa\u00e7os do teatro, via capta\u00e7\u00e3o da Lei Rouanet, processo iniciado recentemente.<\/p>\n<h2>\u201cInsuport\u00e1vel l\u00e1 dentro\u201d<\/h2>\n<p>Produtor e gestor cultural, criador do Cena Contempor\u00e2nea \u2013 Festival Internacional de Teatro de Bras\u00edlia, Reis fala com carinho do teatro. Ele conta que,\u00a0quando assumiu a pasta,\u00a0tentou fazer uma reuni\u00e3o com a equipe na Sala Martins Pena do teatro. \u201cEu fiz apresenta\u00e7\u00f5es na sala, dormi no camarim algumas vezes na vida. Pedi para abrirem tudo para arejar, mas tive que sair de l\u00e1 direto para o hospital. Est\u00e1 insuport\u00e1vel l\u00e1 dentro\u201d, diz o secret\u00e1rio, que sofre de problemas respirat\u00f3rios.<\/p>\n<p>Guilherme Reis garante, entretanto, que a manuten\u00e7\u00e3o do teatro est\u00e1 mantida, que as portas s\u00e3o abertas toda semana e o ar condicionado \u00e9 ligado. \u201cA falta de uso, no entanto, permitiu que algumas coisas acontecessem. Por exemplo, uma bomba d\u2019\u00e1gua fez chover na Sala Villa-Lobos. Se entrar l\u00e1, n\u00e3o consegue ficar.\u201d<\/p>\n<p>A transforma\u00e7\u00e3o do Teatro Nacional num grande centro cultural\u00a0encabe\u00e7a a lista das prioridades estabelecidas pelo atual governo para a cultura. At\u00e9 o momento, junta-se \u00e0s prioridades n\u00e3o executadas (13,72%). Outros 39,21% s\u00e3o considerados executados e 47,05%, em execu\u00e7\u00e3o.<\/p>\n<p>Entre os espa\u00e7os culturais do Distrito Federal, o teatro \u00e9 o que tem a situa\u00e7\u00e3o mais delicada pois a obra \u00e9 a mais cara, or\u00e7ada inicialmente em R$ 220 milh\u00f5es. Diante da falta de recursos, a secretaria decidiu por simplificar o projeto e redesenh\u00e1-lo em etapas, possibilitando a abertura dos espa\u00e7os assim que estivessem prontos.<\/p>\n<p>Em dezembro de 2017, a entrada do teatro, o Foyer da Sala Villa-Lobos, foi reaberto, ap\u00f3s reparos como troca de vidros e instala\u00e7\u00e3o de sinaliza\u00e7\u00e3o de inc\u00eandio. Ao todo, foram gastos R$ 41,5 mil. Al\u00e9m da escada helicoidal que leva ao mezanino, uma obra de arte em si,\u00a0integram o foyer obras de Alfredo Ceschiatti, Mariane Perreti, Athos Bulc\u00e3o e os jardins de Burle Marx. O espa\u00e7o est\u00e1 aberto para visita\u00e7\u00e3o e j\u00e1 recebeu este ano\u00a0<em>shows<\/em>\u00a0e exposi\u00e7\u00f5es. Mas o acesso \u00e0s salas est\u00e1 fechado com tapumes.<\/p>\n<p>Antes de ser surpreendido pelo cheiro desagrad\u00e1vel \u2013\u00a0que se restringia \u00e0 entrada n\u00e3o sendo percept\u00edvel em meio \u00e0s plantas e \u00e0s obras de arte \u2013, Reis mostrava placas rec\u00e9m-instaladas, explicando as futuras etapas da obra no teatro, at\u00e9 ser finalmente totalmente aberto. \u201cAs pessoas querem entrar, muita gente vinha aqui e dava de cara na porta fechada, esse espa\u00e7o tem que funcionar\u201d, diz Reis.<\/p>\n<h2>Obra deve come\u00e7ar ano que vem<\/h2>\n<p>A pr\u00f3xima etapa da reforma do teatro dever\u00e1 ser a Sala Martins Pena. A obra prev\u00ea troca de revestimentos, cadeiras, ilumina\u00e7\u00e3o, estrutura\u00e7\u00e3o do teto do palco, al\u00e9m de interven\u00e7\u00f5es para adequa\u00e7\u00e3o da sala \u00e0s normas universais de acessibilidade, combate a inc\u00eandio e p\u00e2nico.<\/p>\n<p>Essa primeira fase ser\u00e1 executada em parceria com o Instituto Pedra, organiza\u00e7\u00e3o da sociedade civil selecionada, em janeiro deste ano, em chamamento p\u00fablico para captar recursos, contratar e acompanhar a reforma da sala. Esta \u00e9 a primeira vez que a secretaria abre um edital nesse formato, para chamar uma associa\u00e7\u00e3o para ajudar na capta\u00e7\u00e3o de recursos. Sa\u00edda encontrada para driblar a falta de or\u00e7amento.<\/p>\n<p>A inten\u00e7\u00e3o \u00e9 captar recursos por meio da Lei Rouanet, que estabelece a pol\u00edtica de incentivos fiscais para projetos e a\u00e7\u00f5es culturais, permitindo que cidad\u00e3os (pessoa f\u00edsica) e empresas (pessoa jur\u00eddica) apliquem nesses fins parte de seu Imposto de Renda devido.<\/p>\n<p>Segundo o gerente de Projeto do Instituto Pedra, Norton Ficarelli, o projeto, or\u00e7ado em R$ 43,9 milh\u00f5es, foi encaminhado na\u00a0segunda-feira (25) para o Minist\u00e9rio da Cultura e aguarda aval para iniciar a capta\u00e7\u00e3o. O prazo de espera pode chegar a um m\u00eas, de acordo com Ficarelli. Ap\u00f3s essa etapa, o Instituto Pedra ir\u00e1 procurar as empresas que possam se interessar.<\/p>\n<p>\u201cO Teatro Nacional tem muito apelo por si s\u00f3, por\u00a0ter\u00a0a arquitetura que tem e por ser o maior e principal teatro de Bras\u00edlia, que \u00e9 a capital do pa\u00eds\u201d, diz o gerente. \u201cApesar de ser um grande apelo, a gente tem um desafio de capta\u00e7\u00e3o porque \u00e9 um projeto que tem um valor bastante alto. A gente tem o desafio de mobilizar, de atrair as empresas\u201d, completa.<\/p>\n<p>Ficarelli est\u00e1 otimista: \u201cEsse \u00e9 aproximadamente o 15\u00ba projeto cultural que desenvolvo. A gente nunca teve um projeto reprovado.\u201d\u00a0Entre as empresas que dever\u00e3o ser consultadas est\u00e3o o Banco do Brasil, a Caixa Econ\u00f4mica Federal e a\u00a0Petrobras, entre outras.<\/p>\n<p>A expectativa \u00e9 que as obras comecem at\u00e9 o in\u00edcio do ano que vem. Segundo a Secretaria de Cultura, a previs\u00e3o \u00e9 que, ap\u00f3s iniciada, essa obra dure aproximadamente 12 meses.<\/p>\n<h2>Hist\u00f3ria do Teatro Nacional<\/h2>\n<p>O Teatro Nacional Claudio Santoro\u00a0foi projetado em 1958 por Oscar Niemeyer, com colabora\u00e7\u00e3o do pintor e cen\u00f3grafo Aldo Calvo, para ser o principal equipamento cultural da nova capital do Brasil. Est\u00e1 localizado no Setor Cultural Norte, pr\u00f3ximo \u00e0 rodovi\u00e1ria, tem a forma geom\u00e9trica de uma pir\u00e2mide sem \u00e1pice. A \u00e1rea externa \u00e9 revestida por um painel formado de blocos de concreto nas fachadas laterais, criado por Athos Bulc\u00e3o em 1966.<\/p>\n<p>De acordo com informa\u00e7\u00f5es da Secretaria de Cultura, Oscar Niemeyer disse a Bulc\u00e3o que o Teatro Nacional precisaria\u00a0ter\u00a0um aspecto s\u00f3lido, pesado, e ao mesmo tempo leve. Buscando solucionar tal oposi\u00e7\u00e3o, Athos criou s\u00e9ries de paralelep\u00edpedos com cinco formas variadas que, dispostos nas paredes laterais inclinadas, proporcionam a sensa\u00e7\u00e3o de leveza com a luz do sol e de peso com a sombra, de regra e liberdade, adquirindo movimento c\u00edclico ao longo do dia. Por isso, o relevo \u00e9 chamado de \u201cO Sol faz a festa\u201d.<\/p>\n<div class=\"dnd-widget-wrapper context-cheio_8colunas type-image\">\n<div class=\"dnd-atom-rendered\">\n<figure class=\"mejs-fotoh-wrapper\"><img decoding=\"async\" class=\"img-responsive full full\" title=\"M.M Fontenele\/DIGEPHAC\/Arquivo P\u00fablico do DF\/Ag\u00eancia Brasil\" src=\"http:\/\/imagens.ebc.com.br\/LG3xYQO261zIEcpO8SwZBVTOnBo=\/754x0\/smart\/http:\/\/agenciabrasil.ebc.com.br\/sites\/default\/files\/thumbnails\/image\/_construcao_do_teatro_nacional_1959.jpeg?itok=8mABf4rv\" alt=\"Oper\u00e1rios conversam durante a obra de constru\u00e7\u00e3o do Teatro Nacional, em 1959\" \/><\/figure>\n<\/div>\n<div class=\"dnd-caption-wrapper\">\n<div class=\"meta\">Oper\u00e1rios conversam durante a obra de constru\u00e7\u00e3o do Teatro Nacional\u00a0&#8211;\u00a0<strong>M.M Fontenele\/DIGEPHAC\/Arquivo P\u00fablico do DF<\/strong><\/div>\n<div><\/div>\n<\/div>\n<\/div>\n<p>As obras de constru\u00e7\u00e3o do Teatro Nacional come\u00e7aram em\u00a030 de julho\u00a0de 1960, poucos meses depois da inaugura\u00e7\u00e3o da capital. A estrutura ficou pronta em\u00a030 de janeiro\u00a0de 1961, mas as obras foram interrompidas por um per\u00edodo de cinco anos, sendo retomadas parcialmente em 1966 para a inaugura\u00e7\u00e3o da Sala Martins Pena.<\/p>\n<p>Nos primeiros dez anos de Bras\u00edlia, o espa\u00e7o vazio da pir\u00e2mide serviu para diversas fun\u00e7\u00f5es, como campeonato de v\u00f4lei, Missa do Galo, espa\u00e7o para alistamento militar, bailes de carnaval e concurso de beleza.<\/p>\n<p>Entre os grandes nomes da m\u00fasica, da dan\u00e7a e do teatro que se apresentaram no Teatro Nacional Claudio Santoro, destacam-se Mercedes Sosa, Astor Piazzola, Yma Sumac, os bal\u00e9s russos Bolshoi e Kirov, o bal\u00e9 da \u00d3pera de Paris, e, entre os brasileiros, Paulo Autran, Fernanda Montenegro, Dulcina de Moraes, Glauce Rocha, Ziembinski, M\u00e1rcia Hayd\u00e9, M\u00e1rika Gidali e o bal\u00e9 Stagium, Grupo Corpo, Jo\u00e3o Gilberto, Caetano Veloso, Maria Beth\u00e2nia e praticamente todos os principais nomes da m\u00fasica popular brasileira.<\/p>\n<p>O Teatro Nacional consta na lista do Instituto do Patrim\u00f4nio Hist\u00f3rico e Art\u00edstico Nacional (Iphan) como com o tombamento aprovado, em fase final. Al\u00e9m disso, est\u00e1 inclu\u00eddo no conjunto urban\u00edstico-arquitet\u00f4nico de Bras\u00edlia, inscrito no Livro de Tombo Hist\u00f3rico pelo Iphan em\u00a014 de mar\u00e7o de 1990. Bras\u00edlia \u00e9 o primeiro conjunto urbano do s\u00e9culo 20\u00a0a ser reconhecido pela Organiza\u00e7\u00e3o das Na\u00e7\u00f5es Unidas para a Educa\u00e7\u00e3o, a Ci\u00eancia e a Cultura (Unesco), em 1987, como Patrim\u00f4nio Mundial. O teatro est\u00e1 tamb\u00e9m entre as obras de Niemeyer tombadas no ano passado pelo Minist\u00e9rio da Cultura.<\/p>\n<p>Por\u00a0<span class=\"txtGeral\">Mariana Tokarnia &#8211; Rep\u00f3rter da Ag\u00eancia Brasil\u00a0<span class=\"newsLocation\">\u00a0Bras\u00edlia<\/span><\/span><\/p>\n<p>Edi\u00e7\u00e3o:\u00a0<span class=\"txtGeral\">Juliana Andrade<\/span><\/p>\n","protected":false},"excerpt":{"rendered":"<p>O secret\u00e1rio de Cultura do Distrito Federal, Guilherme Reis, entra no Teatro Nacional Claudio Santoro e para pr\u00f3ximo \u00e0 porta. \u201cQue cheiro \u00e9 esse? Vem aqui\u201d, chama o seguran\u00e7a mais pr\u00f3ximo. \u201cTem que limpar isso\u201d. Pega o telefone: \u201cAl\u00f4, est\u00e1 com um cheiro terr\u00edvel aqui na entrada do teatro, por favor, providencie a limpeza\u201d, fala &hellip;<\/p>\n","protected":false},"author":3,"featured_media":38386,"comment_status":"open","ping_status":"open","sticky":false,"template":"","format":"standard","meta":{"_exactmetrics_skip_tracking":false,"_exactmetrics_sitenote_active":false,"_exactmetrics_sitenote_note":"","_exactmetrics_sitenote_category":0,"footnotes":""},"categories":[7],"tags":[],"_links":{"self":[{"href":"https:\/\/goiasemtempo.com.br\/home\/wp-json\/wp\/v2\/posts\/38385"}],"collection":[{"href":"https:\/\/goiasemtempo.com.br\/home\/wp-json\/wp\/v2\/posts"}],"about":[{"href":"https:\/\/goiasemtempo.com.br\/home\/wp-json\/wp\/v2\/types\/post"}],"author":[{"embeddable":true,"href":"https:\/\/goiasemtempo.com.br\/home\/wp-json\/wp\/v2\/users\/3"}],"replies":[{"embeddable":true,"href":"https:\/\/goiasemtempo.com.br\/home\/wp-json\/wp\/v2\/comments?post=38385"}],"version-history":[{"count":3,"href":"https:\/\/goiasemtempo.com.br\/home\/wp-json\/wp\/v2\/posts\/38385\/revisions"}],"predecessor-version":[{"id":38389,"href":"https:\/\/goiasemtempo.com.br\/home\/wp-json\/wp\/v2\/posts\/38385\/revisions\/38389"}],"wp:featuredmedia":[{"embeddable":true,"href":"https:\/\/goiasemtempo.com.br\/home\/wp-json\/wp\/v2\/media\/38386"}],"wp:attachment":[{"href":"https:\/\/goiasemtempo.com.br\/home\/wp-json\/wp\/v2\/media?parent=38385"}],"wp:term":[{"taxonomy":"category","embeddable":true,"href":"https:\/\/goiasemtempo.com.br\/home\/wp-json\/wp\/v2\/categories?post=38385"},{"taxonomy":"post_tag","embeddable":true,"href":"https:\/\/goiasemtempo.com.br\/home\/wp-json\/wp\/v2\/tags?post=38385"}],"curies":[{"name":"wp","href":"https:\/\/api.w.org\/{rel}","templated":true}]}}