{"id":37807,"date":"2018-05-15T23:49:12","date_gmt":"2018-05-15T23:49:12","guid":{"rendered":"https:\/\/goiasemtempo.com.br\/home\/?p=37807"},"modified":"2018-05-15T23:50:02","modified_gmt":"2018-05-15T23:50:02","slug":"caiado-venceria-as-eleicoes-nos-dois-turnos-diz-pesquisa-grupom","status":"publish","type":"post","link":"https:\/\/goiasemtempo.com.br\/home\/caiado-venceria-as-eleicoes-nos-dois-turnos-diz-pesquisa-grupom\/","title":{"rendered":"Caiado venceria as elei\u00e7\u00f5es nos dois turnos, diz pesquisa Grupom"},"content":{"rendered":"<p>O Senador e\u00a0\u00a0pr\u00e9-candidato a Governo de Goi\u00e1s, Ronaldo Caiado (DEM), lidera pesquisa\u00a0 com 40,2% da inten\u00e7\u00e3o de\u00a0votos. Seguido em segundo lugar, com\u00a010,65%, das inten\u00e7\u00f5es de votos o Deputado Federal Daniel Vilela (PMDB) e em terceiro o vice-governador Jos\u00e9 Eliton (PSDB)\u00a0que aparece com 9,8%.<\/p>\n<p>A pesquisa eleitoral foi realizada pelo Instituto Grupom e publicada nesta segunda-feira(14) pelo jornal Di\u00e1rio da Manh\u00e3.<\/p>\n<p>J\u00e1 a presidente estadual do PT K\u00e1tia Maria teve 3,4 % das inten\u00e7\u00f5es de voto, e o policial federal Fabr\u00edcio Rosa (PCdoB) aparece em \u00faltimo, com 1,95%.\u00a0 Os que n\u00e3o sabem ou n\u00e3o avaliaram os nomes somam 14,3%, e outros 19,7% disseram que votar\u00e3o em branco ou nulo.<\/p>\n<p>Na espont\u00e2nea, Ronaldo Caiado lidera com 13,9% das inten\u00e7\u00f5es do eleitorado, em seguida, Jos\u00e9 Eliton, com 4,8%. Mesmo sem poder se candidatar ao governo do Estado, o nome de Marconi Perillo aparece com 4,1%, seguido de Daniel Vilela (1,6%) e K\u00e1tia Maria (0,7%). O percentual dos que n\u00e3o avaliaram chega a 55%, e brancos e nulos somam 16,6%.<\/p>\n<p>Caiado tamb\u00e9m venceria seus concorrentes em um eventual segundo turno. Contra Jos\u00e9 Eliton (PSDB) ele venceria por 46% a 15%. J\u00e1 contra Daniel Vilela ele obteria 47% contra 14,6%.<\/p>\n<p><strong>Contraponto<\/strong><\/p>\n<p>Em nota, o l\u00edder nas pesquisas de inten\u00e7\u00e3o de voto, o senador Ronaldo Caiado demonstrou modera\u00e7\u00e3o ao comentar os n\u00fameros. \u201cPesquisa eu sempre recebo com cautela, responsabilidade e, acima de tudo, humildade. O importante \u00e9 manter o foco e redobrar os esfor\u00e7os no que importa: corresponder a essa esperan\u00e7a dos goianos por dias melhores depois de um governo de 20 anos, que n\u00e3o atendeu \u00e0s necessidades de nosso Estado. E seguir sempre compromissado com a verdade para renovar e mudar Goi\u00e1s\u201d, disse.<\/p>\n<p>Tamb\u00e9m por nota, Jos\u00e9 Eliton respondeu que est\u00e1 focado na administra\u00e7\u00e3o do Estado e que aguardar\u00e1 momento oportuno para falar sobre pol\u00edtica. \u201cAs pesquisas de inten\u00e7\u00e3o de voto refletem o momento. N\u00e3o estou atento \u00e0 quest\u00e3o pol\u00edtica. O meu foco, o meu compromisso agora \u00e9 com o governo de Goi\u00e1s, \u00e9 buscar atender as demandas da popula\u00e7\u00e3o. Cabe \u00e0s lideran\u00e7as partid\u00e1rias, aos presidentes de partido conduzirem o processo partid\u00e1rio eleitoral. Mesmo porque a campanha se dar\u00e1 a partir do dia cinco de agosto, quando as conven\u00e7\u00f5es homologar\u00e3o seus candidatos\u201d, refor\u00e7ou.<\/p>\n<p>O deputado federal e presidente do MDB, Daniel Vilela, afirmou via assessoria que est\u00e1 no caminho certo. \u201cFicamos felizes com o resultado da primeira pesquisa Grupom\/DM, publicada hoje. Ficar em 2\u00ba lugar mesmo sendo menos conhecido pelo eleitorado comprova o potencial da nossa pr\u00e9-candidatura. Mas ainda temos muito trabalho pela frente. Estamos otimistas, porque temos um projeto que representa a verdadeira mudan\u00e7a que os goianos exigem\u201d, comentou.<\/p>\n<p>J\u00e1 a petista K\u00e1tia Maria comemorou a men\u00e7\u00e3o positiva ao seu nome mesmo n\u00e3o sendo referendada pela Conven\u00e7\u00e3o do partido ainda como pr\u00e9-candidata oficial da sigla em Goi\u00e1s. \u201cRecebo a pesquisa de forma positiva, primeiro porque n\u00e3o sou pr\u00e9-candidata oficial. O partido deve decidir sobre isso oficialmente neste s\u00e1bado. O PT j\u00e1 tem uma participa\u00e7\u00e3o significativa na espont\u00e2nea onde 77% do eleitorado ainda n\u00e3o sabe em quem votar\u00e1. Para mim o cen\u00e1rio ainda est\u00e1 aberto\u201d, destacou.<\/p>\n<p><strong>Dados da Pesquisa<\/strong><\/p>\n<p>O Grupom ouviu 801 eleitores em 41 munic\u00edpios do Estado de Goi\u00e1s, entre os dias 6 e 10 de maio, com margem de erro de 3,3 pontos porcentuais para mais ou para menos e intervalo de confian\u00e7a de 95%. A pesquisa foi registrada no Tribunal Superior Eleitoral sob o protocolo n\u00famero BR-09426\/2018 e no Tribunal Regional Eleitoral sob o protocolo n\u00famero GGO-07780\/2018 no dia 07 de maio 2018.<\/p>\n<p>Com informa\u00e7\u00f5es: Mais Goi\u00e1s\/Di\u00e1rio da Manh\u00e3<\/p>\n","protected":false},"excerpt":{"rendered":"<p>O Senador e\u00a0\u00a0pr\u00e9-candidato a Governo de Goi\u00e1s, Ronaldo Caiado (DEM), lidera pesquisa\u00a0 com 40,2% da inten\u00e7\u00e3o de\u00a0votos. Seguido em segundo lugar, com\u00a010,65%, das inten\u00e7\u00f5es de votos o Deputado Federal Daniel Vilela (PMDB) e em terceiro o vice-governador Jos\u00e9 Eliton (PSDB)\u00a0que aparece com 9,8%. A pesquisa eleitoral foi realizada pelo Instituto Grupom e publicada nesta segunda-feira(14) &hellip;<\/p>\n","protected":false},"author":3,"featured_media":37808,"comment_status":"open","ping_status":"open","sticky":false,"template":"","format":"standard","meta":{"_exactmetrics_skip_tracking":false,"_exactmetrics_sitenote_active":false,"_exactmetrics_sitenote_note":"","_exactmetrics_sitenote_category":0,"footnotes":""},"categories":[15],"tags":[],"_links":{"self":[{"href":"https:\/\/goiasemtempo.com.br\/home\/wp-json\/wp\/v2\/posts\/37807"}],"collection":[{"href":"https:\/\/goiasemtempo.com.br\/home\/wp-json\/wp\/v2\/posts"}],"about":[{"href":"https:\/\/goiasemtempo.com.br\/home\/wp-json\/wp\/v2\/types\/post"}],"author":[{"embeddable":true,"href":"https:\/\/goiasemtempo.com.br\/home\/wp-json\/wp\/v2\/users\/3"}],"replies":[{"embeddable":true,"href":"https:\/\/goiasemtempo.com.br\/home\/wp-json\/wp\/v2\/comments?post=37807"}],"version-history":[{"count":1,"href":"https:\/\/goiasemtempo.com.br\/home\/wp-json\/wp\/v2\/posts\/37807\/revisions"}],"predecessor-version":[{"id":37809,"href":"https:\/\/goiasemtempo.com.br\/home\/wp-json\/wp\/v2\/posts\/37807\/revisions\/37809"}],"wp:featuredmedia":[{"embeddable":true,"href":"https:\/\/goiasemtempo.com.br\/home\/wp-json\/wp\/v2\/media\/37808"}],"wp:attachment":[{"href":"https:\/\/goiasemtempo.com.br\/home\/wp-json\/wp\/v2\/media?parent=37807"}],"wp:term":[{"taxonomy":"category","embeddable":true,"href":"https:\/\/goiasemtempo.com.br\/home\/wp-json\/wp\/v2\/categories?post=37807"},{"taxonomy":"post_tag","embeddable":true,"href":"https:\/\/goiasemtempo.com.br\/home\/wp-json\/wp\/v2\/tags?post=37807"}],"curies":[{"name":"wp","href":"https:\/\/api.w.org\/{rel}","templated":true}]}}