{"id":37748,"date":"2018-05-15T13:10:53","date_gmt":"2018-05-15T13:10:53","guid":{"rendered":"https:\/\/goiasemtempo.com.br\/home\/?p=37748"},"modified":"2018-05-15T13:12:20","modified_gmt":"2018-05-15T13:12:20","slug":"blitzen-em-anapolis-serao-debatidas-na-camara-apos-denuncia-da-manchester","status":"publish","type":"post","link":"https:\/\/goiasemtempo.com.br\/home\/blitzen-em-anapolis-serao-debatidas-na-camara-apos-denuncia-da-manchester\/","title":{"rendered":"Blitzen em An\u00e1polis ser\u00e3o debatidas na C\u00e2mara ap\u00f3s den\u00fancia da Manchester"},"content":{"rendered":"<p>As blitzen que tanto t\u00eam prejudicado a popula\u00e7\u00e3o ser\u00e3o tema de uma reuni\u00e3o que ser\u00e1 realizada na C\u00e2mara Municipal de An\u00e1polis, quinta-feira, 15h30.A informa\u00e7\u00e3o foi dada \u00e0 r\u00e1dio\u00a0 Manchester pelos vereadores Jean Carlos e Pastor Elias que, juntamente com o presidente Amilton Filho, participaram de encontro com o coronel Denilson de Ara\u00fajo, comandante do Batalh\u00e3o Rodovi\u00e1rio.<\/p>\n<p>Naquele primeiro encontro, quinta-feira, o oficial informou que a\u00e7\u00f5es anteriormente programadas ser\u00e3o realizadas, em respeito ao cronograma previamente estipulado. Na reuni\u00e3o de quinta-feira, em que estar\u00e3o presentes vereadores, oficiais da pol\u00edcia militar e o delegado da secretaria da Fazenda ser\u00e1 discutida uma forma de continuar com o combate a sonega\u00e7\u00e3o de IPVA, sem paralisar a cidade como ocorre atualmente.<\/p>\n<p>As reclama\u00e7\u00f5es da popula\u00e7\u00e3o indicam casos em que funcion\u00e1rios chegaram atrasados \u00e0s empresas porque o transporte p\u00fablico ficou impedido de operar as linhas em meio aos congestionamentos provocados pelas blitzen. Coube ao jornalismo da r\u00e1dio Manchester denunciar e cobrar provid\u00eancias das autoridades.<\/p>\n<p><strong>SEMIN\u00c1RIO DA DEFESA CIVIL ABERTO AO P\u00daBLICO<\/strong><\/p>\n<p>O Minist\u00e9rio P\u00fablico de Goi\u00e1s, em parceria com o Corpo de Bombeiros, a Defesa Civil e a prefeitura de An\u00e1polis realiza hoje, 15 de maio, a partir de 8h, a I Confer\u00eancia Regional de Prote\u00e7\u00e3o e Defesa Civil \u2013 2018: \u201cComo Integrar o seu Munic\u00edpio\u201d. O semin\u00e1rio acontece no audit\u00f3rio do Servi\u00e7o Social do Com\u00e9rcio (Sesc), no Bairro Jundia\u00ed.A promotora Sandra Mara Garbelini, que coordena o semin\u00e1rio, disse na r\u00e1dio Manchester que o semin\u00e1rio de defesa civil \u00e9 aberto a toda a comunidade.<\/p>\n<p>Em sua programa\u00e7\u00e3o, a confer\u00eancia ter\u00e1 a apresenta\u00e7\u00e3o do estudo de caso dos alagamentos ocorridos em Ceres neste ano, uma exposi\u00e7\u00e3o sobre os aspectos legais da implanta\u00e7\u00e3o de Coordenadorias Municipais de Prote\u00e7\u00e3o e Defesa Civil (Compdecs), bem como debates sobre a capta\u00e7\u00e3o de recursos federais para recupera\u00e7\u00e3o e reconstru\u00e7\u00e3o de \u00e1reas afetadas e a import\u00e2ncia da Defesa Civil Estadual no processo de estrutura\u00e7\u00e3o das Compdecs.<\/p>\n<p>Entre os palestrantes est\u00e3o a promotora de Justi\u00e7a de Goi\u00e1s Sandra Mara Garbelini; o major do Corpo de Bombeiros Rhevysson Martins de Oliveira Brito, que atuou no caso de Ceres; o chefe do Departamento de Minimiza\u00e7\u00e3o de Desastres, Amea\u00e7as e Riscos, tenente-coronel Marcos Abrah\u00e3o Monteiro de Paiva, al\u00e9m de representante da Defesa Civil Nacional.<\/p>\n<p>Mat\u00e9rias: Jairo Mendes- 15\/05\/2018<\/p>\n","protected":false},"excerpt":{"rendered":"<p>As blitzen que tanto t\u00eam prejudicado a popula\u00e7\u00e3o ser\u00e3o tema de uma reuni\u00e3o que ser\u00e1 realizada na C\u00e2mara Municipal de An\u00e1polis, quinta-feira, 15h30.A informa\u00e7\u00e3o foi dada \u00e0 r\u00e1dio\u00a0 Manchester pelos vereadores Jean Carlos e Pastor Elias que, juntamente com o presidente Amilton Filho, participaram de encontro com o coronel Denilson de Ara\u00fajo, comandante do Batalh\u00e3o &hellip;<\/p>\n","protected":false},"author":3,"featured_media":37749,"comment_status":"open","ping_status":"open","sticky":false,"template":"","format":"standard","meta":{"_exactmetrics_skip_tracking":false,"_exactmetrics_sitenote_active":false,"_exactmetrics_sitenote_note":"","_exactmetrics_sitenote_category":0,"footnotes":""},"categories":[4],"tags":[],"_links":{"self":[{"href":"https:\/\/goiasemtempo.com.br\/home\/wp-json\/wp\/v2\/posts\/37748"}],"collection":[{"href":"https:\/\/goiasemtempo.com.br\/home\/wp-json\/wp\/v2\/posts"}],"about":[{"href":"https:\/\/goiasemtempo.com.br\/home\/wp-json\/wp\/v2\/types\/post"}],"author":[{"embeddable":true,"href":"https:\/\/goiasemtempo.com.br\/home\/wp-json\/wp\/v2\/users\/3"}],"replies":[{"embeddable":true,"href":"https:\/\/goiasemtempo.com.br\/home\/wp-json\/wp\/v2\/comments?post=37748"}],"version-history":[{"count":1,"href":"https:\/\/goiasemtempo.com.br\/home\/wp-json\/wp\/v2\/posts\/37748\/revisions"}],"predecessor-version":[{"id":37750,"href":"https:\/\/goiasemtempo.com.br\/home\/wp-json\/wp\/v2\/posts\/37748\/revisions\/37750"}],"wp:featuredmedia":[{"embeddable":true,"href":"https:\/\/goiasemtempo.com.br\/home\/wp-json\/wp\/v2\/media\/37749"}],"wp:attachment":[{"href":"https:\/\/goiasemtempo.com.br\/home\/wp-json\/wp\/v2\/media?parent=37748"}],"wp:term":[{"taxonomy":"category","embeddable":true,"href":"https:\/\/goiasemtempo.com.br\/home\/wp-json\/wp\/v2\/categories?post=37748"},{"taxonomy":"post_tag","embeddable":true,"href":"https:\/\/goiasemtempo.com.br\/home\/wp-json\/wp\/v2\/tags?post=37748"}],"curies":[{"name":"wp","href":"https:\/\/api.w.org\/{rel}","templated":true}]}}