{"id":3774,"date":"2017-12-24T13:47:29","date_gmt":"2017-12-24T13:47:29","guid":{"rendered":"http:\/\/goiasemtempo.com.br\/home\/?p=3774"},"modified":"2017-12-24T13:47:29","modified_gmt":"2017-12-24T13:47:29","slug":"corpo-de-mais-uma-crianca-vitima-da-tragedia-de-janauba-e-enterrado","status":"publish","type":"post","link":"https:\/\/goiasemtempo.com.br\/home\/corpo-de-mais-uma-crianca-vitima-da-tragedia-de-janauba-e-enterrado\/","title":{"rendered":"Corpo de mais uma crian\u00e7a v\u00edtima da trag\u00e9dia de Jana\u00faba \u00e9 enterrado"},"content":{"rendered":"<p>Oitava crian\u00e7a v\u00edtima da trag\u00e9dia que ocorreu na creche Centro Municipal de Educa\u00e7\u00e3o Infantil Gente Inocente, o corpo da menina Talita Vit\u00f3ria Bispo, de 4 anos, ser\u00e1 enterrado hoje (8), \u00e0s 14h, no Cemit\u00e9rio S\u00e3o Lucas, na cidade mineira de Jana\u00faba. At\u00e9 agora, chega a dez o n\u00famero de mortos na trag\u00e9dia.<\/p>\n<p>Com queimaduras nas vias \u00e1reas, Talita chegou a ser transferida na manh\u00e3 de ontem (7) da Santa Casa de Montes Claros, no norte do estado, para o Hospital Jo\u00e3o XXIII, em Belo Horizonte, refer\u00eancia em queimaduras, mas n\u00e3o resistiu e morreu. Al\u00e9m de Talita, Matheus Felipe Rocha Santos, de 5 anos, foi transferido de Montes Claros para a capital mineira em estado grave.<\/p>\n<p>Na manh\u00e3 da \u00faltima quinta-feira (5), um vigia que trabalhava na creche e estava de licen\u00e7a m\u00e9dica entrou no local e ateou fogo em crian\u00e7as, em professoras e nele mesmo. O vigia tamb\u00e9m morreu, assim como a professora Heley Abreu Batista, de 43 anos, que tentou impedi-lo fisicamente e ajudou no resgate de crian\u00e7as. Quarenta pessoas ficaram feridas.<\/p>\n","protected":false},"excerpt":{"rendered":"<p>Oitava crian\u00e7a v\u00edtima da trag\u00e9dia que ocorreu na creche Centro Municipal de Educa\u00e7\u00e3o Infantil Gente Inocente, o corpo da menina Talita Vit\u00f3ria Bispo, de 4 anos, ser\u00e1 enterrado hoje (8), \u00e0s 14h, no Cemit\u00e9rio S\u00e3o Lucas, na cidade mineira de Jana\u00faba. At\u00e9 agora, chega a dez o n\u00famero de mortos na trag\u00e9dia. Com queimaduras nas &hellip;<\/p>\n","protected":false},"author":2,"featured_media":1273,"comment_status":"open","ping_status":"open","sticky":false,"template":"","format":"standard","meta":{"footnotes":""},"categories":[4],"tags":[],"class_list":["post-3774","post","type-post","status-publish","format-standard","has-post-thumbnail","hentry","category-ultimas-noticias"],"_links":{"self":[{"href":"https:\/\/goiasemtempo.com.br\/home\/wp-json\/wp\/v2\/posts\/3774","targetHints":{"allow":["GET"]}}],"collection":[{"href":"https:\/\/goiasemtempo.com.br\/home\/wp-json\/wp\/v2\/posts"}],"about":[{"href":"https:\/\/goiasemtempo.com.br\/home\/wp-json\/wp\/v2\/types\/post"}],"author":[{"embeddable":true,"href":"https:\/\/goiasemtempo.com.br\/home\/wp-json\/wp\/v2\/users\/2"}],"replies":[{"embeddable":true,"href":"https:\/\/goiasemtempo.com.br\/home\/wp-json\/wp\/v2\/comments?post=3774"}],"version-history":[{"count":1,"href":"https:\/\/goiasemtempo.com.br\/home\/wp-json\/wp\/v2\/posts\/3774\/revisions"}],"predecessor-version":[{"id":3775,"href":"https:\/\/goiasemtempo.com.br\/home\/wp-json\/wp\/v2\/posts\/3774\/revisions\/3775"}],"wp:featuredmedia":[{"embeddable":true,"href":"https:\/\/goiasemtempo.com.br\/home\/wp-json\/wp\/v2\/media\/1273"}],"wp:attachment":[{"href":"https:\/\/goiasemtempo.com.br\/home\/wp-json\/wp\/v2\/media?parent=3774"}],"wp:term":[{"taxonomy":"category","embeddable":true,"href":"https:\/\/goiasemtempo.com.br\/home\/wp-json\/wp\/v2\/categories?post=3774"},{"taxonomy":"post_tag","embeddable":true,"href":"https:\/\/goiasemtempo.com.br\/home\/wp-json\/wp\/v2\/tags?post=3774"}],"curies":[{"name":"wp","href":"https:\/\/api.w.org\/{rel}","templated":true}]}}