{"id":37739,"date":"2018-05-15T01:44:52","date_gmt":"2018-05-15T01:44:52","guid":{"rendered":"https:\/\/goiasemtempo.com.br\/home\/?p=37739"},"modified":"2018-05-15T01:44:52","modified_gmt":"2018-05-15T01:44:52","slug":"policia-de-goias-prende-em-caldas-piloto-que-levou-lideres-do-pcc-para-emboscada","status":"publish","type":"post","link":"https:\/\/goiasemtempo.com.br\/home\/policia-de-goias-prende-em-caldas-piloto-que-levou-lideres-do-pcc-para-emboscada\/","title":{"rendered":"Pol\u00edcia de Goi\u00e1s prende em Caldas, piloto que levou l\u00edderes do PCC para emboscada"},"content":{"rendered":"<div class=\"mc-column content-text active-extra-styles active-capital-letter\" data-block-type=\"unstyled\" data-block-weight=\"61\" data-block-id=\"2\">\n<p class=\"content-text__container theme-color-primary-first-letter\" data-track-category=\"Link no Texto\" data-track-links=\"\">O\u00a0piloto Felipe Ramos Morais, de 31 anos,foi preso pela Pol\u00edcia Civil de Goi\u00e1s nesta segunda-feira (14) , por suspeita do envolvimento na emboscada que levou \u00e0 morte Rog\u00e9rio Jeremias de Simone, o Geg\u00ea do Mangue, Fabiano Alves de Souza, o Paca, considerados dois chefes de uma das maiores quadrilhas de tr\u00e1fico de drogas do pa\u00eds. Os crimes aconteceram em fevereiro, no Cear\u00e1.<\/p>\n<\/div>\n<div class=\"mc-column content-text active-extra-styles \" data-block-type=\"unstyled\" data-block-weight=\"48\" data-block-id=\"3\">\n<p class=\"content-text__container \" data-track-category=\"Link no Texto\" data-track-links=\"\">O homem foi localizado em um condom\u00ednio de luxo em Caldas Novas. A corpora\u00e7\u00e3o contou que, na verdade procurava um piloto de An\u00e1polis que estava desaparecido e era suspeito de trazer drogas do Paraguai para Goi\u00e1s. No entanto, Felipe foi encontrado no lugar dele, usando um documento falso.<\/p>\n<\/div>\n<div class=\"mc-column content-media content-media--normal  content-photo\" data-block-type=\"backstage-photo\" data-block-id=\"4\">\n<div class=\"content-media__container\">\n<div class=\"content-media__image-centered\">\n<div class=\"progressive-img can-open-lightbox\" data-min-size=\"1008x631\" data-min-size-url=\"https:\/\/s2.glbimg.com\/8aotGaAhayz_ZD9RxzJb_p3xUeE=\/0x0:1700x1065\/1008x0\/smart\/filters:strip_icc()\/i.s3.glbimg.com\/v1\/AUTH_59edd422c0c84a879bd37670ae4f538a\/internal_photos\/bs\/2018\/R\/m\/kCc3wOQci9BeNXoHDMzA\/prisao-deic2.jpg\" data-max-size=\"1600x1002\" data-max-size-url=\"https:\/\/s2.glbimg.com\/k8nSepG2XdMKDWJBrkRhypKO5VI=\/0x0:1700x1065\/1600x0\/smart\/filters:strip_icc()\/i.s3.glbimg.com\/v1\/AUTH_59edd422c0c84a879bd37670ae4f538a\/internal_photos\/bs\/2018\/R\/m\/kCc3wOQci9BeNXoHDMzA\/prisao-deic2.jpg\" data-media-index=\"0\">\n<div class=\"placeholder-container\"><\/div>\n<\/div>\n<\/div>\n<\/div>\n<\/div>\n<div class=\"mc-column content-text active-extra-styles \" data-block-type=\"unstyled\" data-block-weight=\"63\" data-block-id=\"5\">\n<p class=\"content-text__container \" data-track-category=\"Link no Texto\" data-track-links=\"\">\u00c0 Pol\u00edcia Civil, o preso teria dito qu usava o documento falso por ter feito servi\u00e7os para organiza\u00e7\u00f5es criminosas e ter medo de ser encontrado por esses grupos. O homem tem um mandado de pris\u00e3o em aberto no Cear\u00e1, no entanto, a corpora\u00e7\u00e3o informou \u00e0 TV Anhanguera que o processo corre em sigilo e n\u00e3o pode informar por qual crime ele \u00e9 procurado.<\/p>\n<\/div>\n<div class=\"mc-column content-text active-extra-styles \" data-block-type=\"unstyled\" data-block-weight=\"36\" data-block-id=\"6\">\n<p class=\"content-text__container \" data-track-category=\"Link no Texto\" data-track-links=\"\">Ainda segundo apurou a TV Anhanguera, o preso deve ser recambiado para o Cear\u00e1 por causa do mandado de pris\u00e3o em aberto e deve responder, em Goi\u00e1s, pelo crime de uso de uso de documento falso.<\/p>\n<\/div>\n<div class=\"mc-column content-text active-extra-styles \" data-block-type=\"unstyled\" data-block-weight=\"24\" data-block-id=\"8\">\n<p class=\"content-text__container \" data-track-category=\"Link no Texto\" data-track-links=\"\">Felipe mant\u00e9m em Goi\u00e2nia (GO) uma empresa de aluguel de aeronaves. S\u00e3o quatro helic\u00f3pteros modelo Robinson 44 no nome da empresa dele, sem intermedi\u00e1rios.<\/p>\n<\/div>\n<div class=\"mc-column content-text active-extra-styles \" data-block-type=\"unstyled\" data-block-weight=\"39\" data-block-id=\"9\">\n<p class=\"content-text__container \" data-track-category=\"Link no Texto\" data-track-links=\"\">Duas das aeronaves da empresa, por\u00e9m, n\u00e3o podem voar: uma era usada por Felipe quando ele foi preso transportando pasta base de coca\u00edna em 2012, e a outra quando ele foi preso novamente suspeito do mesmo crime em 2015.<\/p>\n<\/div>\n<div class=\"mc-column content-media content-media--normal  content-photo\" data-block-type=\"backstage-photo\" data-block-id=\"10\">\n<div class=\"content-media__container\">\n<div class=\"content-media__image-centered\">\n<div class=\"progressive-img can-open-lightbox\" data-min-size=\"1008x631\" data-min-size-url=\"https:\/\/s2.glbimg.com\/Yju-qFq-oBadHnNxGG86z3hAFFg=\/0x0:1700x1065\/1008x0\/smart\/filters:strip_icc()\/i.s3.glbimg.com\/v1\/AUTH_59edd422c0c84a879bd37670ae4f538a\/internal_photos\/bs\/2018\/O\/W\/H4ZKORQmiF69VPKqS18w\/helic2.jpg\" data-max-size=\"1600x1002\" data-max-size-url=\"https:\/\/s2.glbimg.com\/L_p4MUPaTyx2GdN_152kMvsr9Vw=\/0x0:1700x1065\/1600x0\/smart\/filters:strip_icc()\/i.s3.glbimg.com\/v1\/AUTH_59edd422c0c84a879bd37670ae4f538a\/internal_photos\/bs\/2018\/O\/W\/H4ZKORQmiF69VPKqS18w\/helic2.jpg\" data-media-index=\"1\">\n<div class=\"placeholder-container\"><\/div>\n<picture><source srcset=\"https:\/\/s2.glbimg.com\/n_91IW4z6rSDd0caOwfoy2mM2p0=\/0x0:1700x1065\/600x0\/smart\/filters:strip_icc()\/i.s3.glbimg.com\/v1\/AUTH_59edd422c0c84a879bd37670ae4f538a\/internal_photos\/bs\/2018\/O\/W\/H4ZKORQmiF69VPKqS18w\/helic2.jpg 1x, https:\/\/s2.glbimg.com\/MqYPPbHyuqD6e-NeKjhR2oviNVE=\/0x0:1700x1065\/1200x0\/smart\/filters:strip_icc()\/i.s3.glbimg.com\/v1\/AUTH_59edd422c0c84a879bd37670ae4f538a\/internal_photos\/bs\/2018\/O\/W\/H4ZKORQmiF69VPKqS18w\/helic2.jpg 2x\" media=\"(max-width: 1024px)\" data-src=\"https:\/\/s2.glbimg.com\/n_91IW4z6rSDd0caOwfoy2mM2p0=\/0x0:1700x1065\/600x0\/smart\/filters:strip_icc()\/i.s3.glbimg.com\/v1\/AUTH_59edd422c0c84a879bd37670ae4f538a\/internal_photos\/bs\/2018\/O\/W\/H4ZKORQmiF69VPKqS18w\/helic2.jpg 1x, https:\/\/s2.glbimg.com\/MqYPPbHyuqD6e-NeKjhR2oviNVE=\/0x0:1700x1065\/1200x0\/smart\/filters:strip_icc()\/i.s3.glbimg.com\/v1\/AUTH_59edd422c0c84a879bd37670ae4f538a\/internal_photos\/bs\/2018\/O\/W\/H4ZKORQmiF69VPKqS18w\/helic2.jpg 2x\" \/><source srcset=\"https:\/\/s2.glbimg.com\/qUTUKkniLhnRP0_nSSTpUVWVlWk=\/0x0:1700x1065\/640x0\/smart\/filters:strip_icc()\/i.s3.glbimg.com\/v1\/AUTH_59edd422c0c84a879bd37670ae4f538a\/internal_photos\/bs\/2018\/O\/W\/H4ZKORQmiF69VPKqS18w\/helic2.jpg 1x, https:\/\/s2.glbimg.com\/kCCtWMnpJocW-k0M2-aNLyUAr04=\/0x0:1700x1065\/1280x0\/smart\/filters:strip_icc()\/i.s3.glbimg.com\/v1\/AUTH_59edd422c0c84a879bd37670ae4f538a\/internal_photos\/bs\/2018\/O\/W\/H4ZKORQmiF69VPKqS18w\/helic2.jpg 2x\" media=\"(max-width: 1280px)\" data-src=\"https:\/\/s2.glbimg.com\/qUTUKkniLhnRP0_nSSTpUVWVlWk=\/0x0:1700x1065\/640x0\/smart\/filters:strip_icc()\/i.s3.glbimg.com\/v1\/AUTH_59edd422c0c84a879bd37670ae4f538a\/internal_photos\/bs\/2018\/O\/W\/H4ZKORQmiF69VPKqS18w\/helic2.jpg 1x, https:\/\/s2.glbimg.com\/kCCtWMnpJocW-k0M2-aNLyUAr04=\/0x0:1700x1065\/1280x0\/smart\/filters:strip_icc()\/i.s3.glbimg.com\/v1\/AUTH_59edd422c0c84a879bd37670ae4f538a\/internal_photos\/bs\/2018\/O\/W\/H4ZKORQmiF69VPKqS18w\/helic2.jpg 2x\" \/><source srcset=\"https:\/\/s2.glbimg.com\/vm0yfMi8irmhK7HSNEObJlsDILE=\/0x0:1700x1065\/984x0\/smart\/filters:strip_icc()\/i.s3.glbimg.com\/v1\/AUTH_59edd422c0c84a879bd37670ae4f538a\/internal_photos\/bs\/2018\/O\/W\/H4ZKORQmiF69VPKqS18w\/helic2.jpg 1x, https:\/\/s2.glbimg.com\/E0IaJDAdGlpQmVGmggtwTRas5lc=\/0x0:1700x1065\/1968x0\/smart\/filters:strip_icc()\/i.s3.glbimg.com\/v1\/AUTH_59edd422c0c84a879bd37670ae4f538a\/internal_photos\/bs\/2018\/O\/W\/H4ZKORQmiF69VPKqS18w\/helic2.jpg 2x\" media=\"(max-width: 1360px)\" data-src=\"https:\/\/s2.glbimg.com\/vm0yfMi8irmhK7HSNEObJlsDILE=\/0x0:1700x1065\/984x0\/smart\/filters:strip_icc()\/i.s3.glbimg.com\/v1\/AUTH_59edd422c0c84a879bd37670ae4f538a\/internal_photos\/bs\/2018\/O\/W\/H4ZKORQmiF69VPKqS18w\/helic2.jpg 1x, https:\/\/s2.glbimg.com\/E0IaJDAdGlpQmVGmggtwTRas5lc=\/0x0:1700x1065\/1968x0\/smart\/filters:strip_icc()\/i.s3.glbimg.com\/v1\/AUTH_59edd422c0c84a879bd37670ae4f538a\/internal_photos\/bs\/2018\/O\/W\/H4ZKORQmiF69VPKqS18w\/helic2.jpg 2x\" \/><source srcset=\"https:\/\/s2.glbimg.com\/3aJd_h_yGqR7-m4bJu_f4UAw2wU=\/0x0:1700x1065\/1000x0\/smart\/filters:strip_icc()\/i.s3.glbimg.com\/v1\/AUTH_59edd422c0c84a879bd37670ae4f538a\/internal_photos\/bs\/2018\/O\/W\/H4ZKORQmiF69VPKqS18w\/helic2.jpg 1x, https:\/\/s2.glbimg.com\/sGEFySUhK8IZGqAAnFExjoi-O_8=\/0x0:1700x1065\/2000x0\/smart\/filters:strip_icc()\/i.s3.glbimg.com\/v1\/AUTH_59edd422c0c84a879bd37670ae4f538a\/internal_photos\/bs\/2018\/O\/W\/H4ZKORQmiF69VPKqS18w\/helic2.jpg 2x\" media=\"(min-width: 1361px)\" data-src=\"https:\/\/s2.glbimg.com\/3aJd_h_yGqR7-m4bJu_f4UAw2wU=\/0x0:1700x1065\/1000x0\/smart\/filters:strip_icc()\/i.s3.glbimg.com\/v1\/AUTH_59edd422c0c84a879bd37670ae4f538a\/internal_photos\/bs\/2018\/O\/W\/H4ZKORQmiF69VPKqS18w\/helic2.jpg 1x, https:\/\/s2.glbimg.com\/sGEFySUhK8IZGqAAnFExjoi-O_8=\/0x0:1700x1065\/2000x0\/smart\/filters:strip_icc()\/i.s3.glbimg.com\/v1\/AUTH_59edd422c0c84a879bd37670ae4f538a\/internal_photos\/bs\/2018\/O\/W\/H4ZKORQmiF69VPKqS18w\/helic2.jpg 2x\" \/><source srcset=\"https:\/\/s2.glbimg.com\/vm0yfMi8irmhK7HSNEObJlsDILE=\/0x0:1700x1065\/984x0\/smart\/filters:strip_icc()\/i.s3.glbimg.com\/v1\/AUTH_59edd422c0c84a879bd37670ae4f538a\/internal_photos\/bs\/2018\/O\/W\/H4ZKORQmiF69VPKqS18w\/helic2.jpg\" data-src=\"https:\/\/s2.glbimg.com\/vm0yfMi8irmhK7HSNEObJlsDILE=\/0x0:1700x1065\/984x0\/smart\/filters:strip_icc()\/i.s3.glbimg.com\/v1\/AUTH_59edd422c0c84a879bd37670ae4f538a\/internal_photos\/bs\/2018\/O\/W\/H4ZKORQmiF69VPKqS18w\/helic2.jpg\" \/><img decoding=\"async\" class=\"image content-media__image progressive-loaded tie-appear\" title=\"Helic\u00f3ptero usado em ataque a Geg\u00ea do Mangue foi achado em \u00e1rea de mata de Fernand\u00f3polis, no interior de SP (Foto: Divulga\u00e7\u00e3o)\" src=\"https:\/\/s2.glbimg.com\/vm0yfMi8irmhK7HSNEObJlsDILE=\/0x0:1700x1065\/984x0\/smart\/filters:strip_icc()\/i.s3.glbimg.com\/v1\/AUTH_59edd422c0c84a879bd37670ae4f538a\/internal_photos\/bs\/2018\/O\/W\/H4ZKORQmiF69VPKqS18w\/helic2.jpg\" alt=\"Helic\u00f3ptero usado em ataque a Geg\u00ea do Mangue foi achado em \u00e1rea de mata de Fernand\u00f3polis, no interior de SP (Foto: Divulga\u00e7\u00e3o)\" data-src=\"https:\/\/s2.glbimg.com\/vm0yfMi8irmhK7HSNEObJlsDILE=\/0x0:1700x1065\/984x0\/smart\/filters:strip_icc()\/i.s3.glbimg.com\/v1\/AUTH_59edd422c0c84a879bd37670ae4f538a\/internal_photos\/bs\/2018\/O\/W\/H4ZKORQmiF69VPKqS18w\/helic2.jpg\" \/><\/picture><\/div>\n<\/div>\n<div class=\"content-media__description-centered \">\n<p class=\"content-media__description\"><i class=\"content-media__description__icon theme-color-primary\"><\/i><span class=\"content-media__description__caption\">Helic\u00f3ptero usado em ataque a Geg\u00ea do Mangue foi achado em \u00e1rea de mata de Fernand\u00f3polis, no interior de SP (Foto: Divulga\u00e7\u00e3o)<\/span><\/p>\n<\/div>\n<\/div>\n<\/div>\n<div class=\"mc-column content-text active-extra-styles\" data-block-type=\"raw\" data-block-weight=\"2\" data-block-id=\"11\">\n<div class=\"content-intertitle\">\n<h2>A emboscada<\/h2>\n<\/div>\n<\/div>\n<div class=\"mc-column content-text active-extra-styles \" data-block-type=\"unstyled\" data-block-weight=\"60\" data-block-id=\"12\">\n<p class=\"content-text__container \" data-track-category=\"Link no Texto\" data-track-links=\"\">Felipe era piloto do helic\u00f3ptero usado na opera\u00e7\u00e3o em que os chefes do tr\u00e1fico foram assassinados. Na \u00e9poca, ele informou, por meio de seu advogado, que foi contratado por Wagner Ferreira da Silva, conhecido como Cabelo Duro, tamb\u00e9m da c\u00fapula do Primeiro Comando da Capital (PCC) e executado a tiros na frente de um hotel em S\u00e3o Paulo dias depois.<\/p>\n<\/div>\n<div class=\"mc-column content-text active-extra-styles \" data-block-type=\"unstyled\" data-block-weight=\"45\" data-block-id=\"13\">\n<p class=\"content-text__container \" data-track-category=\"Link no Texto\" data-track-links=\"\">O piloto afirmou que deveria levar passageiros do Cear\u00e1 para S\u00e3o Paulo, mas foi obrigado a pousar pouco depois da decolagem. Felipe negou ter simulado uma pane na aeronave e disse que viu as execu\u00e7\u00f5es na reserva ind\u00edgena de Aquiraz, a 30 quil\u00f4metros de Fortaleza.<\/p>\n<\/div>\n<div class=\"mc-column content-media content-media--normal  content-photo\" data-block-type=\"backstage-photo\" data-block-id=\"14\">\n<div class=\"content-media__container\">\n<div class=\"content-media__image-centered\">\n<div class=\"progressive-img can-open-lightbox\" data-min-size=\"1008x631\" data-min-size-url=\"https:\/\/s2.glbimg.com\/nPHdQqSRw15lCabnzRNZgO6M6Sw=\/0x0:1700x1065\/1008x0\/smart\/filters:strip_icc()\/i.s3.glbimg.com\/v1\/AUTH_59edd422c0c84a879bd37670ae4f538a\/internal_photos\/bs\/2018\/l\/H\/WxmYKVRrOSF43EDA2ayw\/bilhete-paca-gege.jpg\" data-max-size=\"1600x1002\" data-max-size-url=\"https:\/\/s2.glbimg.com\/p7pU-G3OrQLZq47YYS0JZnclHEg=\/0x0:1700x1065\/1600x0\/smart\/filters:strip_icc()\/i.s3.glbimg.com\/v1\/AUTH_59edd422c0c84a879bd37670ae4f538a\/internal_photos\/bs\/2018\/l\/H\/WxmYKVRrOSF43EDA2ayw\/bilhete-paca-gege.jpg\" data-media-index=\"2\">\n<div class=\"placeholder-container\"><\/div>\n<picture><source srcset=\"https:\/\/s2.glbimg.com\/Qvm04lLzmyLFz1fk-NpzHJkxJkk=\/0x0:1700x1065\/600x0\/smart\/filters:strip_icc()\/i.s3.glbimg.com\/v1\/AUTH_59edd422c0c84a879bd37670ae4f538a\/internal_photos\/bs\/2018\/l\/H\/WxmYKVRrOSF43EDA2ayw\/bilhete-paca-gege.jpg 1x, https:\/\/s2.glbimg.com\/SDAIYAMvWmOUjkybT_aej8jQqjk=\/0x0:1700x1065\/1200x0\/smart\/filters:strip_icc()\/i.s3.glbimg.com\/v1\/AUTH_59edd422c0c84a879bd37670ae4f538a\/internal_photos\/bs\/2018\/l\/H\/WxmYKVRrOSF43EDA2ayw\/bilhete-paca-gege.jpg 2x\" media=\"(max-width: 1024px)\" data-src=\"https:\/\/s2.glbimg.com\/Qvm04lLzmyLFz1fk-NpzHJkxJkk=\/0x0:1700x1065\/600x0\/smart\/filters:strip_icc()\/i.s3.glbimg.com\/v1\/AUTH_59edd422c0c84a879bd37670ae4f538a\/internal_photos\/bs\/2018\/l\/H\/WxmYKVRrOSF43EDA2ayw\/bilhete-paca-gege.jpg 1x, https:\/\/s2.glbimg.com\/SDAIYAMvWmOUjkybT_aej8jQqjk=\/0x0:1700x1065\/1200x0\/smart\/filters:strip_icc()\/i.s3.glbimg.com\/v1\/AUTH_59edd422c0c84a879bd37670ae4f538a\/internal_photos\/bs\/2018\/l\/H\/WxmYKVRrOSF43EDA2ayw\/bilhete-paca-gege.jpg 2x\" \/><source srcset=\"https:\/\/s2.glbimg.com\/YeXmk-F2-JsCcYQh1FesNKIBvk0=\/0x0:1700x1065\/640x0\/smart\/filters:strip_icc()\/i.s3.glbimg.com\/v1\/AUTH_59edd422c0c84a879bd37670ae4f538a\/internal_photos\/bs\/2018\/l\/H\/WxmYKVRrOSF43EDA2ayw\/bilhete-paca-gege.jpg 1x, https:\/\/s2.glbimg.com\/-UINDx7giGeFzp6nVxSqRZ-luBs=\/0x0:1700x1065\/1280x0\/smart\/filters:strip_icc()\/i.s3.glbimg.com\/v1\/AUTH_59edd422c0c84a879bd37670ae4f538a\/internal_photos\/bs\/2018\/l\/H\/WxmYKVRrOSF43EDA2ayw\/bilhete-paca-gege.jpg 2x\" media=\"(max-width: 1280px)\" data-src=\"https:\/\/s2.glbimg.com\/YeXmk-F2-JsCcYQh1FesNKIBvk0=\/0x0:1700x1065\/640x0\/smart\/filters:strip_icc()\/i.s3.glbimg.com\/v1\/AUTH_59edd422c0c84a879bd37670ae4f538a\/internal_photos\/bs\/2018\/l\/H\/WxmYKVRrOSF43EDA2ayw\/bilhete-paca-gege.jpg 1x, https:\/\/s2.glbimg.com\/-UINDx7giGeFzp6nVxSqRZ-luBs=\/0x0:1700x1065\/1280x0\/smart\/filters:strip_icc()\/i.s3.glbimg.com\/v1\/AUTH_59edd422c0c84a879bd37670ae4f538a\/internal_photos\/bs\/2018\/l\/H\/WxmYKVRrOSF43EDA2ayw\/bilhete-paca-gege.jpg 2x\" \/><source srcset=\"https:\/\/s2.glbimg.com\/FDfkh66ddyVGlnmP5Y3NKy7kYd0=\/0x0:1700x1065\/984x0\/smart\/filters:strip_icc()\/i.s3.glbimg.com\/v1\/AUTH_59edd422c0c84a879bd37670ae4f538a\/internal_photos\/bs\/2018\/l\/H\/WxmYKVRrOSF43EDA2ayw\/bilhete-paca-gege.jpg 1x, https:\/\/s2.glbimg.com\/g74vHevgKOqcKA5V2VKJHj09vFo=\/0x0:1700x1065\/1968x0\/smart\/filters:strip_icc()\/i.s3.glbimg.com\/v1\/AUTH_59edd422c0c84a879bd37670ae4f538a\/internal_photos\/bs\/2018\/l\/H\/WxmYKVRrOSF43EDA2ayw\/bilhete-paca-gege.jpg 2x\" media=\"(max-width: 1360px)\" data-src=\"https:\/\/s2.glbimg.com\/FDfkh66ddyVGlnmP5Y3NKy7kYd0=\/0x0:1700x1065\/984x0\/smart\/filters:strip_icc()\/i.s3.glbimg.com\/v1\/AUTH_59edd422c0c84a879bd37670ae4f538a\/internal_photos\/bs\/2018\/l\/H\/WxmYKVRrOSF43EDA2ayw\/bilhete-paca-gege.jpg 1x, https:\/\/s2.glbimg.com\/g74vHevgKOqcKA5V2VKJHj09vFo=\/0x0:1700x1065\/1968x0\/smart\/filters:strip_icc()\/i.s3.glbimg.com\/v1\/AUTH_59edd422c0c84a879bd37670ae4f538a\/internal_photos\/bs\/2018\/l\/H\/WxmYKVRrOSF43EDA2ayw\/bilhete-paca-gege.jpg 2x\" \/><source srcset=\"https:\/\/s2.glbimg.com\/HOPAUAGL1MPxEDV8E5CLGRZimIA=\/0x0:1700x1065\/1000x0\/smart\/filters:strip_icc()\/i.s3.glbimg.com\/v1\/AUTH_59edd422c0c84a879bd37670ae4f538a\/internal_photos\/bs\/2018\/l\/H\/WxmYKVRrOSF43EDA2ayw\/bilhete-paca-gege.jpg 1x, https:\/\/s2.glbimg.com\/_ZzG4zC1daf4SucMcE5eAVGAFbQ=\/0x0:1700x1065\/2000x0\/smart\/filters:strip_icc()\/i.s3.glbimg.com\/v1\/AUTH_59edd422c0c84a879bd37670ae4f538a\/internal_photos\/bs\/2018\/l\/H\/WxmYKVRrOSF43EDA2ayw\/bilhete-paca-gege.jpg 2x\" media=\"(min-width: 1361px)\" data-src=\"https:\/\/s2.glbimg.com\/HOPAUAGL1MPxEDV8E5CLGRZimIA=\/0x0:1700x1065\/1000x0\/smart\/filters:strip_icc()\/i.s3.glbimg.com\/v1\/AUTH_59edd422c0c84a879bd37670ae4f538a\/internal_photos\/bs\/2018\/l\/H\/WxmYKVRrOSF43EDA2ayw\/bilhete-paca-gege.jpg 1x, https:\/\/s2.glbimg.com\/_ZzG4zC1daf4SucMcE5eAVGAFbQ=\/0x0:1700x1065\/2000x0\/smart\/filters:strip_icc()\/i.s3.glbimg.com\/v1\/AUTH_59edd422c0c84a879bd37670ae4f538a\/internal_photos\/bs\/2018\/l\/H\/WxmYKVRrOSF43EDA2ayw\/bilhete-paca-gege.jpg 2x\" \/><source srcset=\"https:\/\/s2.glbimg.com\/FDfkh66ddyVGlnmP5Y3NKy7kYd0=\/0x0:1700x1065\/984x0\/smart\/filters:strip_icc()\/i.s3.glbimg.com\/v1\/AUTH_59edd422c0c84a879bd37670ae4f538a\/internal_photos\/bs\/2018\/l\/H\/WxmYKVRrOSF43EDA2ayw\/bilhete-paca-gege.jpg\" data-src=\"https:\/\/s2.glbimg.com\/FDfkh66ddyVGlnmP5Y3NKy7kYd0=\/0x0:1700x1065\/984x0\/smart\/filters:strip_icc()\/i.s3.glbimg.com\/v1\/AUTH_59edd422c0c84a879bd37670ae4f538a\/internal_photos\/bs\/2018\/l\/H\/WxmYKVRrOSF43EDA2ayw\/bilhete-paca-gege.jpg\" \/><img decoding=\"async\" class=\"image content-media__image progressive-loaded tie-appear\" title=\"Bilhete encontrado na Penitenci\u00e1ria 2 de Presidente Venceslau indica que Geg\u00ea do Mangue e Paca (nas fotos) foram mortos porque desviaram dinheiro da fac\u00e7\u00e3o (Foto: Reprodu\u00e7\u00e3o\/Divulga\u00e7\u00e3o)\" src=\"https:\/\/s2.glbimg.com\/FDfkh66ddyVGlnmP5Y3NKy7kYd0=\/0x0:1700x1065\/984x0\/smart\/filters:strip_icc()\/i.s3.glbimg.com\/v1\/AUTH_59edd422c0c84a879bd37670ae4f538a\/internal_photos\/bs\/2018\/l\/H\/WxmYKVRrOSF43EDA2ayw\/bilhete-paca-gege.jpg\" alt=\"Bilhete encontrado na Penitenci\u00e1ria 2 de Presidente Venceslau indica que Geg\u00ea do Mangue e Paca (nas fotos) foram mortos porque desviaram dinheiro da fac\u00e7\u00e3o (Foto: Reprodu\u00e7\u00e3o\/Divulga\u00e7\u00e3o)\" data-src=\"https:\/\/s2.glbimg.com\/FDfkh66ddyVGlnmP5Y3NKy7kYd0=\/0x0:1700x1065\/984x0\/smart\/filters:strip_icc()\/i.s3.glbimg.com\/v1\/AUTH_59edd422c0c84a879bd37670ae4f538a\/internal_photos\/bs\/2018\/l\/H\/WxmYKVRrOSF43EDA2ayw\/bilhete-paca-gege.jpg\" \/><\/picture><\/div>\n<\/div>\n<div class=\"content-media__description-centered \">\n<p class=\"content-media__description\"><i class=\"content-media__description__icon theme-color-primary\"><\/i><span class=\"content-media__description__caption\">Bilhete encontrado na Penitenci\u00e1ria 2 de Presidente Venceslau indica que Geg\u00ea do Mangue e Paca (nas fotos) foram mortos porque desviaram dinheiro da fac\u00e7\u00e3o (Foto: Reprodu\u00e7\u00e3o\/Divulga\u00e7\u00e3o)<\/span><\/p>\n<\/div>\n<\/div>\n<\/div>\n<div class=\"mc-column content-text active-extra-styles \" data-block-type=\"unstyled\" data-block-weight=\"46\" data-block-id=\"16\">\n<p class=\"content-text__container \" data-track-category=\"Link no Texto\" data-track-links=\"\">Geg\u00ea do Mangue era foragido da Justi\u00e7a e apontado como o segundo chefe na hierarquia da fac\u00e7\u00e3o criminosa de S\u00e3o Paulo, abaixo apenas de Marcola. Os corpos dele e de Paca foram encontrados com marcas de tiros.\u00a0Nove c\u00e2meras de seguran\u00e7a captaram os detalhes da emboscada.<\/p>\n<\/div>\n<div class=\"mc-column content-text active-extra-styles\" data-block-type=\"raw\" data-block-weight=\"1\" data-block-id=\"17\">\n<div class=\"content-intertitle\">\n<h2>Investiga\u00e7\u00e3o<\/h2>\n<\/div>\n<\/div>\n<div class=\"mc-column content-text active-extra-styles \" data-block-type=\"unstyled\" data-block-weight=\"44\" data-block-id=\"18\">\n<p class=\"content-text__container \" data-track-category=\"Link no Texto\" data-track-links=\"\">Segundo a investiga\u00e7\u00e3o, o helic\u00f3ptero saiu de S\u00e3o Paulo com sete ocupantes, incluindo Cabelo Duro. Depois de ser usado em uma emboscada no Cear\u00e1, pousou em uma \u00e1rea de mata no Rio Grande do Norte, onde os assassinos tentaram destruir provas do duplo homic\u00eddio.<\/p>\n<\/div>\n<div class=\"mc-column content-text active-extra-styles \" data-block-type=\"unstyled\" data-block-weight=\"26\" data-block-id=\"19\">\n<p class=\"content-text__container \" data-track-category=\"Link no Texto\" data-track-links=\"\">A principal suspeita para o crime \u00e9 que os assassinos s\u00e3o integrantes da pr\u00f3pria fac\u00e7\u00e3o e teriam agido a mando de Marcola. A motiva\u00e7\u00e3o seria vingan\u00e7a.<\/p>\n<\/div>\n<div class=\"mc-column content-text active-extra-styles \" data-block-type=\"unstyled\" data-block-weight=\"29\" data-block-id=\"20\">\n<p class=\"content-text__container \" data-track-category=\"Link no Texto\" data-track-links=\"\">Em dezembro, um ex-chefe da quadrilha, Ed\u00edlson Nogueira, conhecido por Birosca, foi assassinado dentro da cadeia. A ordem teria partido de Geg\u00ea do Mangue, sem a permiss\u00e3o de Marcola.<\/p>\n<\/div>\n<div class=\"mc-column content-text active-extra-styles \" data-block-type=\"unstyled\" data-block-weight=\"32\" data-block-id=\"21\">\n<p class=\"content-text__container \" data-track-category=\"Link no Texto\" data-track-links=\"\">Um bilhete encontrado em um pres\u00eddio no interior de S\u00e3o Paulo sugere que Geg\u00ea e Paca foram mortos pelo pr\u00f3prio PCC porque teriam desviado dinheiro da fac\u00e7\u00e3o. A mensagem citava Cabelo Duro.<\/p>\n<\/div>\n<div class=\"mc-column content-media content-media--normal content-video\" data-block-type=\"backstage-video\" data-block-id=\"22\">\n<div class=\"content-media__container content-media__container--loaded\">\n<div class=\"content-video__placeholder\" data-video-id=\"6550879\"><img decoding=\"async\" class=\"content-video__placeholder__thumb tie-appear\" title=\"Em imagens, homens se preparam para executar Geg\u00ea do Mangue e Paca\" src=\"https:\/\/s04.video.glbimg.com\/x720\/6550879.jpg\" alt=\"Em imagens, homens se preparam para executar Geg\u00ea do Mangue e Paca\" \/><\/div>\n<\/div>\n<div class=\"content-media__description-centered\">\n<p class=\"content-media__description\"><i class=\"content-media__description__icon theme-color-primary\"><\/i><span class=\"content-media__description__caption\">Em imagens, homens se preparam para executar Geg\u00ea do Mangue e Paca<\/span><\/p>\n<\/div>\n<\/div>\n<div class=\"mc-column content-text active-extra-styles\" data-block-type=\"raw\" data-block-weight=\"1\" data-block-id=\"23\">\n<div class=\"content-intertitle\">\n<h2>Imagens<\/h2>\n<\/div>\n<\/div>\n<div class=\"mc-column content-text active-extra-styles \" data-block-type=\"unstyled\" data-block-weight=\"48\" data-block-id=\"24\">\n<p class=\"content-text__container \" data-track-category=\"Link no Texto\" data-track-links=\"\">Imagens exclusivas obtidas pelo Fant\u00e1stico mostram os homens que executaram os dois traficantes se preparando para o crime. Os preparativos iniciaram dois dias antes, \u00e0s 14h de 13 de fevereiro, quando o helic\u00f3ptero utilizado na emboscada pousa em um heliponto no Eus\u00e9bio, distante 25 quil\u00f4metros da capital cearense.<\/p>\n<\/div>\n<div class=\"mc-column content-text active-extra-styles \" data-block-type=\"unstyled\" data-block-weight=\"67\" data-block-id=\"26\">\n<p class=\"content-text__container \" data-track-category=\"Link no Texto\" data-track-links=\"\">No mesmo dia, Fabiano Alves de Souza, o Paca, deixa um condom\u00ednio de luxo na Regi\u00e3o Metropolitana de Fortaleza em um carro blindado avaliado em R$ 600 mil. No condom\u00ednio, ele era conhecido com o nome de Carlos. Ele tinha ido ao local visitar um amigo, conhecido como Jo\u00e3o. Na verdade, Jo\u00e3o era o nome usado, no condom\u00ednio, por Rog\u00e9rio Jeremias de Simone, o Geg\u00ea do Mangue.<\/p>\n<\/div>\n<div class=\"mc-column content-text active-extra-styles \" data-block-type=\"unstyled\" data-block-weight=\"47\" data-block-id=\"27\">\n<p class=\"content-text__container \" data-track-category=\"Link no Texto\" data-track-links=\"\">Outra c\u00e2mera mostra Paca, bem \u00e0 vontade, no pr\u00e9dio em que morava em Fortaleza. Os homens contratados para matar os dois j\u00e1 est\u00e3o na cidade, hospedados em um hotel a cerca de 4,5 quil\u00f4metros do pr\u00e9dio de Paca. O grupo viajou de S\u00e3o Paulo para o Cear\u00e1.<\/p>\n<\/div>\n<div class=\"mc-column content-text active-extra-styles \" data-block-type=\"unstyled\" data-block-weight=\"45\" data-block-id=\"28\">\n<p class=\"content-text__container \" data-track-category=\"Link no Texto\" data-track-links=\"\">Um dos apontados como executores \u00e9 Wagner Ferreira da Silva, conhecido como Waguinho ou Cabelo Duro. Segundo a pol\u00edcia, \u00e9 ele quem organiza tudo. Da mochila, ele tira ma\u00e7os de dinheiro em notas de R$ 50 e paga a hospedagem de todos em dinheiro vivo.<\/p>\n<\/div>\n<div class=\"mc-column content-text active-extra-styles \" data-block-type=\"unstyled\" data-block-weight=\"53\" data-block-id=\"29\">\n<p class=\"content-text__container \" data-track-category=\"Link no Texto\" data-track-links=\"\">J\u00e1 passa de meia-noite quando eles sobem para os quartos. Na manh\u00e3 seguinte, 15 de fevereiro, o grupo deixa o hotel antes das 9h. Em pouco tempo, o grupo chega de t\u00e1xi ao hangar no Eus\u00e9bio , onde mais dois homens se juntam ao grupo. Ao todo, s\u00e3o sete homens, incluindo o piloto.<\/p>\n<\/div>\n<div class=\"mc-column content-text active-extra-styles \" data-block-type=\"unstyled\" data-block-weight=\"50\" data-block-id=\"30\">\n<p class=\"content-text__container \" data-track-category=\"Link no Texto\" data-track-links=\"\">\u00c0s 9h28, o helic\u00f3ptero levanta voo. Segundo a pol\u00edcia, o destino \u00e9 a reserva ind\u00edgena localizada em Aquiraz, na mesma regi\u00e3o. A aeronave pousa em um descampado e seis pessoas desembarcam. Vinte minutos depois o helic\u00f3ptero est\u00e1 de volta ao hangar. O piloto e Waguinho desembarcar e reabastecem a aeronave.<\/p>\n<\/div>\n<div class=\"mc-column content-text active-extra-styles \" data-block-type=\"unstyled\" data-block-weight=\"55\" data-block-id=\"31\">\n<p class=\"content-text__container \" data-track-category=\"Link no Texto\" data-track-links=\"\">Decolam novamente \u00e0s 10h14. Minutos depois, o helic\u00f3ptero faz outro pouso, em um local diferente que a pol\u00edcia ainda n\u00e3o conseguiu identificar. L\u00e1, embarcam Geg\u00ea do Mangue e Paca, que n\u00e3o desconfiavam que havia um plano em andamento para mat\u00e1-los. Geg\u00ea est\u00e1 t\u00e3o tranquilo que faz uma foto da paisagem e manda para a mulher.<\/p>\n<\/div>\n<div class=\"mc-column content-text active-extra-styles \" data-block-type=\"unstyled\" data-block-weight=\"62\" data-block-id=\"33\">\n<p class=\"content-text__container \" data-track-category=\"Link no Texto\" data-track-links=\"\">Eles fazem um voo e pousam na mesma \u00e1rea da reserva ind\u00edgena. Todos descem e os cinco que j\u00e1 estavam esperando efetuam v\u00e1rios disparos contra Geg\u00ea do Mangue e Paca. Recolhem os corpos e deixam perto da mata mais densa. Depois todos retornam ao helic\u00f3ptero e seguem viagem. Os corpos foram encontrados no dia seguinte, quinta-feira (16), por um \u00edndio da reserva.<\/p>\n<p data-track-category=\"Link no Texto\" data-track-links=\"\">Por Raquel Morais, Vanessa Martins e Ludmilla Rodrigues, G1 GO e TV Anhanguera\/Ag\u00eancia de Not\u00edcias\/<\/p>\n<\/div>\n","protected":false},"excerpt":{"rendered":"<p>O\u00a0piloto Felipe Ramos Morais, de 31 anos,foi preso pela Pol\u00edcia Civil de Goi\u00e1s nesta segunda-feira (14) , por suspeita do envolvimento na emboscada que levou \u00e0 morte Rog\u00e9rio Jeremias de Simone, o Geg\u00ea do Mangue, Fabiano Alves de Souza, o Paca, considerados dois chefes de uma das maiores quadrilhas de tr\u00e1fico de drogas do pa\u00eds. &hellip;<\/p>\n","protected":false},"author":3,"featured_media":37740,"comment_status":"open","ping_status":"open","sticky":false,"template":"","format":"standard","meta":{"_exactmetrics_skip_tracking":false,"_exactmetrics_sitenote_active":false,"_exactmetrics_sitenote_note":"","_exactmetrics_sitenote_category":0,"footnotes":""},"categories":[26],"tags":[],"_links":{"self":[{"href":"https:\/\/goiasemtempo.com.br\/home\/wp-json\/wp\/v2\/posts\/37739"}],"collection":[{"href":"https:\/\/goiasemtempo.com.br\/home\/wp-json\/wp\/v2\/posts"}],"about":[{"href":"https:\/\/goiasemtempo.com.br\/home\/wp-json\/wp\/v2\/types\/post"}],"author":[{"embeddable":true,"href":"https:\/\/goiasemtempo.com.br\/home\/wp-json\/wp\/v2\/users\/3"}],"replies":[{"embeddable":true,"href":"https:\/\/goiasemtempo.com.br\/home\/wp-json\/wp\/v2\/comments?post=37739"}],"version-history":[{"count":1,"href":"https:\/\/goiasemtempo.com.br\/home\/wp-json\/wp\/v2\/posts\/37739\/revisions"}],"predecessor-version":[{"id":37741,"href":"https:\/\/goiasemtempo.com.br\/home\/wp-json\/wp\/v2\/posts\/37739\/revisions\/37741"}],"wp:featuredmedia":[{"embeddable":true,"href":"https:\/\/goiasemtempo.com.br\/home\/wp-json\/wp\/v2\/media\/37740"}],"wp:attachment":[{"href":"https:\/\/goiasemtempo.com.br\/home\/wp-json\/wp\/v2\/media?parent=37739"}],"wp:term":[{"taxonomy":"category","embeddable":true,"href":"https:\/\/goiasemtempo.com.br\/home\/wp-json\/wp\/v2\/categories?post=37739"},{"taxonomy":"post_tag","embeddable":true,"href":"https:\/\/goiasemtempo.com.br\/home\/wp-json\/wp\/v2\/tags?post=37739"}],"curies":[{"name":"wp","href":"https:\/\/api.w.org\/{rel}","templated":true}]}}