{"id":37732,"date":"2018-05-14T22:49:49","date_gmt":"2018-05-14T22:49:49","guid":{"rendered":"https:\/\/goiasemtempo.com.br\/home\/?p=37732"},"modified":"2018-05-14T22:49:49","modified_gmt":"2018-05-14T22:49:49","slug":"goias-tem-recorde-de-contratacoes-do-fco-no-primeiro-trimestre","status":"publish","type":"post","link":"https:\/\/goiasemtempo.com.br\/home\/goias-tem-recorde-de-contratacoes-do-fco-no-primeiro-trimestre\/","title":{"rendered":"Goi\u00e1s tem recorde de contrata\u00e7\u00f5es do FCO no primeiro trimestre"},"content":{"rendered":"<p>O programa Fundo Constitucional Centro-Oeste (FCO) registrou em Goi\u00e1s, neste primeiro trimestre de 2018, um saldo de contra\u00e7\u00f5es acima da m\u00e9dia hist\u00f3rica de financiamentos, comparativamente aos anos anteriores. Com um total de R$ 673,2 milh\u00f5es financiados em janeiro, fevereiro e mar\u00e7o deste ano.<\/p>\n<p>Foram recordes em contrata\u00e7\u00e3o tanto para o\u00a0<em>Programa Rural<\/em>\u00a0(R$ 620,2 milh\u00f5es) quanto para o\u00a0<em>Programa Empresarial<\/em>\u00a0(52,9 milh\u00f5es) e, consequentemente, saldos positivos tamb\u00e9m na gera\u00e7\u00e3o e manuten\u00e7\u00e3o de empregos nos dois setores da economia goiana, que totalizou 76.890 vagas de trabalho geradas ou mantidas no per\u00edodo.<\/p>\n<p>Os dados foram apresentados nesta segunda-feira, dia 14, durante a reuni\u00e3o do Conselho Desenvolvimento do Estado (CDE\/FCO). \u201cAcreditamos que neste ano vamos superar os R$ 2,7 bilh\u00f5es destinados a Goi\u00e1s devido ao aquecimento da economia\u201d, avaliou o secret\u00e1rio Leandro Ribeiro, titular da Secretaria de Desenvolvimento (SED), que participou da reuni\u00e3o.<\/p>\n<p>Na ocasi\u00e3o, tamb\u00e9m foram avaliadas e aprovadas pelos conselheiros do CDE\/FCO 41 cartas-consulta tanto do setor empresarial quanto rural, com um total de R$ 151,5 milh\u00f5es em financiamento. A previs\u00e3o \u00e9 de gera\u00e7\u00e3o de 428 empregos diretos nos dois setores.<\/p>\n<p>Para o\u00a0<em>Programa Rural<\/em>\u00a0foi aprovado um total de R$ 80,10 milh\u00f5es em cartas-consulta destinadas a investimentos em infraestrutura, custeio, equipamentos, aquisi\u00e7\u00f5es de matrizes e outras aplica\u00e7\u00f5es do setor.<\/p>\n<p>No setor Empresarial, destaca-se a proposta da empresa Albioma Esplanada Energia, localizada em Goian\u00e9sia, que teve aprovada carta-consulta no valor de R$ 28,29 milh\u00f5es, para investimento na aquisi\u00e7\u00e3o de equipamentos e engenharia de projetos de gera\u00e7\u00e3o de energia el\u00e9trica.<\/p>\n<h2>Contrata\u00e7\u00f5es<\/h2>\n<p>Tendo em vista a previs\u00e3o or\u00e7ament\u00e1ria de R$ 2,7 bi para 2018 do Fundo Constitucional Centro-Oeste para os estados de Goi\u00e1s, sendo que do desembolso j\u00e1 realizado no valor de R$ 1 bilh\u00e3o, j\u00e1 foram contratados R$ 673.219 milh\u00f5es.<\/p>\n<p>Com resultados t\u00e3o positivos para o curto per\u00edodo, onde mais de 50% dos recursos em desembolso j\u00e1 foi distribu\u00eddo, a previs\u00e3o \u00e9 que, a exemplo do ano passado, sejam contratados mais que os R$ 2,7 bilh\u00f5es destinados para Goi\u00e1s neste ano.<\/p>\n<p>O gerente Walber Santos Sousa anunciou a possibilidade de antecipar o remanejamento dos recursos n\u00e3o utilizados pelos demais estados do Centro-Oeste para que sejam disponibilizados para Goi\u00e1s.<\/p>\n<p>Na avalia\u00e7\u00e3o do gerente Regional de Neg\u00f3cios para Goi\u00e1s do Banco do Brasil, Walber Santos de Sousa, \u201cesses primeiros tr\u00eas meses de 2018 foram excelentes para as opera\u00e7\u00f5es do FCO em Goi\u00e1s. Historicamente excelentes, acreditamos que os resultados sejam frutos das caravanas realizadas no final do ano passado\u201d, referiu-se ele aos eventos de divulga\u00e7\u00e3o realizados no interior do Estado. \u201cPodemos acreditar que neste ano teremos uma demanda maior que a do ano passado\u201d, comemorou.<\/p>\n<p><em><strong>Comunica\u00e7\u00e3o Setorial Secretaria de Desenvolvimento &#8211; SED<\/strong><\/em><br \/>\nMais informa\u00e7\u00f5es:(62) 3201-5556<\/p>\n","protected":false},"excerpt":{"rendered":"<p>O programa Fundo Constitucional Centro-Oeste (FCO) registrou em Goi\u00e1s, neste primeiro trimestre de 2018, um saldo de contra\u00e7\u00f5es acima da m\u00e9dia hist\u00f3rica de financiamentos, comparativamente aos anos anteriores. Com um total de R$ 673,2 milh\u00f5es financiados em janeiro, fevereiro e mar\u00e7o deste ano. Foram recordes em contrata\u00e7\u00e3o tanto para o\u00a0Programa Rural\u00a0(R$ 620,2 milh\u00f5es) quanto para &hellip;<\/p>\n","protected":false},"author":3,"featured_media":37733,"comment_status":"open","ping_status":"open","sticky":false,"template":"","format":"standard","meta":{"_exactmetrics_skip_tracking":false,"_exactmetrics_sitenote_active":false,"_exactmetrics_sitenote_note":"","_exactmetrics_sitenote_category":0,"footnotes":""},"categories":[15],"tags":[],"_links":{"self":[{"href":"https:\/\/goiasemtempo.com.br\/home\/wp-json\/wp\/v2\/posts\/37732"}],"collection":[{"href":"https:\/\/goiasemtempo.com.br\/home\/wp-json\/wp\/v2\/posts"}],"about":[{"href":"https:\/\/goiasemtempo.com.br\/home\/wp-json\/wp\/v2\/types\/post"}],"author":[{"embeddable":true,"href":"https:\/\/goiasemtempo.com.br\/home\/wp-json\/wp\/v2\/users\/3"}],"replies":[{"embeddable":true,"href":"https:\/\/goiasemtempo.com.br\/home\/wp-json\/wp\/v2\/comments?post=37732"}],"version-history":[{"count":1,"href":"https:\/\/goiasemtempo.com.br\/home\/wp-json\/wp\/v2\/posts\/37732\/revisions"}],"predecessor-version":[{"id":37734,"href":"https:\/\/goiasemtempo.com.br\/home\/wp-json\/wp\/v2\/posts\/37732\/revisions\/37734"}],"wp:featuredmedia":[{"embeddable":true,"href":"https:\/\/goiasemtempo.com.br\/home\/wp-json\/wp\/v2\/media\/37733"}],"wp:attachment":[{"href":"https:\/\/goiasemtempo.com.br\/home\/wp-json\/wp\/v2\/media?parent=37732"}],"wp:term":[{"taxonomy":"category","embeddable":true,"href":"https:\/\/goiasemtempo.com.br\/home\/wp-json\/wp\/v2\/categories?post=37732"},{"taxonomy":"post_tag","embeddable":true,"href":"https:\/\/goiasemtempo.com.br\/home\/wp-json\/wp\/v2\/tags?post=37732"}],"curies":[{"name":"wp","href":"https:\/\/api.w.org\/{rel}","templated":true}]}}