{"id":3766,"date":"2017-12-24T13:44:42","date_gmt":"2017-12-24T13:44:42","guid":{"rendered":"http:\/\/goiasemtempo.com.br\/home\/?p=3766"},"modified":"2017-12-24T13:44:42","modified_gmt":"2017-12-24T13:44:42","slug":"professora-que-morreu-ao-salvar-criancas-em-janauba-recebe-ordem-do-merito","status":"publish","type":"post","link":"https:\/\/goiasemtempo.com.br\/home\/professora-que-morreu-ao-salvar-criancas-em-janauba-recebe-ordem-do-merito\/","title":{"rendered":"Professora que morreu ao salvar crian\u00e7as em Jana\u00faba recebe Ordem do M\u00e9rito"},"content":{"rendered":"<p>O presidente Michel Temer concedeu a Ordem Nacional do M\u00e9rito \u00e0 professora Heley Abreu Batista, de 43 anos, que ajudou no resgate das crian\u00e7as que sobreviveram ao ataque a uma creche de Jana\u00faba (MG) nesta semana. A honraria ser\u00e1 concedida em homenagem ao ato de hero\u00edsmo da professora, que n\u00e3o sobreviveu \u00e0s queimaduras e morreu ao tentar salvar os alunos.<\/p>\n<p>Em nota, a Presid\u00eancia da Rep\u00fablica informou que a honraria \u00e9 concedida a pessoas que deram exemplos de dedica\u00e7\u00e3o ao pa\u00eds. Este \u00e9 o caso da professora Heley Batista, que sacrificou sua pr\u00f3pria vida para salvar a vida de seus alunos, em um gesto de coragem e de hero\u00edsmo que emocionou a todos, diz a nota.<\/p>\n<p>Na manh\u00e3 da \u00faltima quinta-feira (5), um vigia que trabalhava na creche Gente Inocente e estava de licen\u00e7a m\u00e9dica entrou no local e ateou fogo em crian\u00e7as, professoras e nele mesmo.<\/p>\n<p>At\u00e9 o momento, foram registradas dez mortes, oito delas crian\u00e7as. Tamb\u00e9m morreram a professora Heley e o vigia que ateou fogo no local.<\/p>\n<p>Ainda h\u00e1 25 v\u00edtimas internadas em hospitais de Jana\u00faba, Montes Claros e Belo Horizonte.<\/p>\n","protected":false},"excerpt":{"rendered":"<p>O presidente Michel Temer concedeu a Ordem Nacional do M\u00e9rito \u00e0 professora Heley Abreu Batista, de 43 anos, que ajudou no resgate das crian\u00e7as que sobreviveram ao ataque a uma creche de Jana\u00faba (MG) nesta semana. A honraria ser\u00e1 concedida em homenagem ao ato de hero\u00edsmo da professora, que n\u00e3o sobreviveu \u00e0s queimaduras e morreu &hellip;<\/p>\n","protected":false},"author":2,"featured_media":1269,"comment_status":"open","ping_status":"open","sticky":false,"template":"","format":"standard","meta":{"_exactmetrics_skip_tracking":false,"_exactmetrics_sitenote_active":false,"_exactmetrics_sitenote_note":"","_exactmetrics_sitenote_category":0,"footnotes":""},"categories":[4],"tags":[],"_links":{"self":[{"href":"https:\/\/goiasemtempo.com.br\/home\/wp-json\/wp\/v2\/posts\/3766"}],"collection":[{"href":"https:\/\/goiasemtempo.com.br\/home\/wp-json\/wp\/v2\/posts"}],"about":[{"href":"https:\/\/goiasemtempo.com.br\/home\/wp-json\/wp\/v2\/types\/post"}],"author":[{"embeddable":true,"href":"https:\/\/goiasemtempo.com.br\/home\/wp-json\/wp\/v2\/users\/2"}],"replies":[{"embeddable":true,"href":"https:\/\/goiasemtempo.com.br\/home\/wp-json\/wp\/v2\/comments?post=3766"}],"version-history":[{"count":1,"href":"https:\/\/goiasemtempo.com.br\/home\/wp-json\/wp\/v2\/posts\/3766\/revisions"}],"predecessor-version":[{"id":3767,"href":"https:\/\/goiasemtempo.com.br\/home\/wp-json\/wp\/v2\/posts\/3766\/revisions\/3767"}],"wp:featuredmedia":[{"embeddable":true,"href":"https:\/\/goiasemtempo.com.br\/home\/wp-json\/wp\/v2\/media\/1269"}],"wp:attachment":[{"href":"https:\/\/goiasemtempo.com.br\/home\/wp-json\/wp\/v2\/media?parent=3766"}],"wp:term":[{"taxonomy":"category","embeddable":true,"href":"https:\/\/goiasemtempo.com.br\/home\/wp-json\/wp\/v2\/categories?post=3766"},{"taxonomy":"post_tag","embeddable":true,"href":"https:\/\/goiasemtempo.com.br\/home\/wp-json\/wp\/v2\/tags?post=3766"}],"curies":[{"name":"wp","href":"https:\/\/api.w.org\/{rel}","templated":true}]}}