{"id":37380,"date":"2018-05-08T00:22:01","date_gmt":"2018-05-08T00:22:01","guid":{"rendered":"https:\/\/goiasemtempo.com.br\/home\/?p=37380"},"modified":"2018-05-08T00:22:01","modified_gmt":"2018-05-08T00:22:01","slug":"bombeiros-sobem-para-sete-o-numero-de-vitimas-de-desabamento","status":"publish","type":"post","link":"https:\/\/goiasemtempo.com.br\/home\/bombeiros-sobem-para-sete-o-numero-de-vitimas-de-desabamento\/","title":{"rendered":"Bombeiros sobem para sete o n\u00famero de v\u00edtimas de desabamento"},"content":{"rendered":"<p>O Corpo de Bombeiros aumentou para sete o n\u00famero de v\u00edtimas do desabamento do edif\u00edcio Wilton Paes de Almeida, no centro da capital paulista, na \u00faltima ter\u00e7a-feira (1\u00ba). At\u00e9 o fim da tarde de hoje (7), apenas o corpo de uma das v\u00edtimas, Ricardo Pinheiro, havia sido retirado dos escombros.<\/p>\n<p>A Defesa Civil conta como desaparecidas 72 pessoas \u2013 aquelas que ainda n\u00e3o se apresentaram \u00e0s autoridades e constavam como moradores do edif\u00edcio no \u00faltimo levantamento feito pela prefeitura antes de o pr\u00e9dio ruir. No entanto, isso n\u00e3o significa que todas elas estivessem no local no momento do desabamento. Os bombeiros consideram, no momento, que apenas sete est\u00e3o sob os escombros.<\/p>\n<p>Durante o dia de hoje, cerca de 60 bombeiros continuaram trabalhando na busca de v\u00edtimas e retirada dos entulhos do edif\u00edcio. Apesar de transcorrida quase uma semana do desabamento do edif\u00edcio, as autoridades n\u00e3o descartam a exist\u00eancia de sobreviventes.<\/p>\n<p>Segundo os bombeiros, as estruturas da regi\u00e3o das garagens do pr\u00e9dio s\u00e3o mais refor\u00e7adas, e podem ter proporcionado um abrigo de sobreviv\u00eancia, chamado tamb\u00e9m de c\u00e9lula de sobreviv\u00eancia, \u00e0s pessoas que residiam nos andares mais baixos. &#8220;Encontramos dezenas de c\u00e9lulas de sobreviv\u00eancia nesse final de semana. infelizmente, n\u00e3o havia ningu\u00e9m nelas&#8221;, disse o porta-voz do bombeiros, Marcos Palumbo.<\/p>\n<div class=\"edicao\">Edi\u00e7\u00e3o:\u00a0<span class=\"txtGeral\">Denise Griesinger<\/span><\/div>\n","protected":false},"excerpt":{"rendered":"<p>O Corpo de Bombeiros aumentou para sete o n\u00famero de v\u00edtimas do desabamento do edif\u00edcio Wilton Paes de Almeida, no centro da capital paulista, na \u00faltima ter\u00e7a-feira (1\u00ba). At\u00e9 o fim da tarde de hoje (7), apenas o corpo de uma das v\u00edtimas, Ricardo Pinheiro, havia sido retirado dos escombros. A Defesa Civil conta como &hellip;<\/p>\n","protected":false},"author":3,"featured_media":37382,"comment_status":"open","ping_status":"open","sticky":false,"template":"","format":"standard","meta":{"_exactmetrics_skip_tracking":false,"_exactmetrics_sitenote_active":false,"_exactmetrics_sitenote_note":"","_exactmetrics_sitenote_category":0,"footnotes":""},"categories":[7],"tags":[],"_links":{"self":[{"href":"https:\/\/goiasemtempo.com.br\/home\/wp-json\/wp\/v2\/posts\/37380"}],"collection":[{"href":"https:\/\/goiasemtempo.com.br\/home\/wp-json\/wp\/v2\/posts"}],"about":[{"href":"https:\/\/goiasemtempo.com.br\/home\/wp-json\/wp\/v2\/types\/post"}],"author":[{"embeddable":true,"href":"https:\/\/goiasemtempo.com.br\/home\/wp-json\/wp\/v2\/users\/3"}],"replies":[{"embeddable":true,"href":"https:\/\/goiasemtempo.com.br\/home\/wp-json\/wp\/v2\/comments?post=37380"}],"version-history":[{"count":1,"href":"https:\/\/goiasemtempo.com.br\/home\/wp-json\/wp\/v2\/posts\/37380\/revisions"}],"predecessor-version":[{"id":37383,"href":"https:\/\/goiasemtempo.com.br\/home\/wp-json\/wp\/v2\/posts\/37380\/revisions\/37383"}],"wp:featuredmedia":[{"embeddable":true,"href":"https:\/\/goiasemtempo.com.br\/home\/wp-json\/wp\/v2\/media\/37382"}],"wp:attachment":[{"href":"https:\/\/goiasemtempo.com.br\/home\/wp-json\/wp\/v2\/media?parent=37380"}],"wp:term":[{"taxonomy":"category","embeddable":true,"href":"https:\/\/goiasemtempo.com.br\/home\/wp-json\/wp\/v2\/categories?post=37380"},{"taxonomy":"post_tag","embeddable":true,"href":"https:\/\/goiasemtempo.com.br\/home\/wp-json\/wp\/v2\/tags?post=37380"}],"curies":[{"name":"wp","href":"https:\/\/api.w.org\/{rel}","templated":true}]}}