{"id":37255,"date":"2018-05-04T00:35:47","date_gmt":"2018-05-04T00:35:47","guid":{"rendered":"https:\/\/goiasemtempo.com.br\/home\/?p=37255"},"modified":"2018-05-04T00:35:47","modified_gmt":"2018-05-04T00:35:47","slug":"incendio-comecou-com-curto-circuito-no-5o-andar-diz-secretario-de-sp","status":"publish","type":"post","link":"https:\/\/goiasemtempo.com.br\/home\/incendio-comecou-com-curto-circuito-no-5o-andar-diz-secretario-de-sp\/","title":{"rendered":"Inc\u00eandio come\u00e7ou com curto-circuito no 5\u00ba andar, diz secret\u00e1rio de SP"},"content":{"rendered":"<p>O inc\u00eandio que causou o desabamento do edif\u00edcio Wilton Paes de Almeida, na \u00faltima ter\u00e7a-feira (1\u00ba), foi causado por um curto-circuito em uma tomada de um c\u00f4modo no quinto andar. O espa\u00e7o era ocupado por uma fam\u00edlia de quatro pessoas. Segundo o secret\u00e1rio de Seguran\u00e7a P\u00fablica de S\u00e3o Paulo, M\u00e1gino Alves Barbosa Filho, o pai e uma crian\u00e7a ficaram feridos com queimaduras graves.<\/p>\n<p>\u201cO inc\u00eandio come\u00e7ou no quinto andar, em um c\u00f4modo que era ocupado por uma fam\u00edlias, quatro pessoas, duas dessas pessoas sofreram ferimentos e foram levadas para o hospital. Uma para a Santa Casa e outra para o Hospital das Cl\u00ednicas\u201d, disse.<\/p>\n<p>O estado da crian\u00e7a, que tem 3 anos de idade, \u00e9 grave. Ela foi socorrida pelo pai, que est\u00e1 com dois ter\u00e7os do corpo queimados. \u201cMas est\u00e1 em uma situa\u00e7\u00e3o aparentemente melhor que a da crian\u00e7a\u201d, informou o secret\u00e1rio.<\/p>\n<p>De acordo com Barbosa Filho, tr\u00eas aparelhos estavam ligados na tomada onde ocorreu o curto-circuito: um micro-ondas, uma geladeira e uma televis\u00e3o. \u201cN\u00e3o foi uma briga de casal [como chegou a ser cogitado inicialmente], o que aconteceu foi a fatalidade, em um pr\u00e9dio que tinha diversas irregularidades, essa tomada ligava tr\u00eas aparelhos, terminou vitimando a fam\u00edlia que ocupava esse c\u00f4modo\u201d. O secret\u00e1rio disse que a m\u00e3e, que j\u00e1 foi ouvida pela pol\u00edcia, conseguiu salvar o outro filho, um beb\u00ea.<\/p>\n<p>At\u00e9 o momento, o Corpo de Bombeiros considera que h\u00e1 quatro v\u00edtimas sob os escombros. Segundo a corpora\u00e7\u00e3o, as chances de sobreviv\u00eancia, decorridas mais de 48 horas ap\u00f3s o desabamento do pr\u00e9dio, s\u00e3o m\u00ednimas.<\/p>\n","protected":false},"excerpt":{"rendered":"<p>O inc\u00eandio que causou o desabamento do edif\u00edcio Wilton Paes de Almeida, na \u00faltima ter\u00e7a-feira (1\u00ba), foi causado por um curto-circuito em uma tomada de um c\u00f4modo no quinto andar. O espa\u00e7o era ocupado por uma fam\u00edlia de quatro pessoas. Segundo o secret\u00e1rio de Seguran\u00e7a P\u00fablica de S\u00e3o Paulo, M\u00e1gino Alves Barbosa Filho, o pai &hellip;<\/p>\n","protected":false},"author":3,"featured_media":37256,"comment_status":"open","ping_status":"open","sticky":false,"template":"","format":"standard","meta":{"footnotes":""},"categories":[7],"tags":[],"class_list":["post-37255","post","type-post","status-publish","format-standard","has-post-thumbnail","hentry","category-cidades"],"_links":{"self":[{"href":"https:\/\/goiasemtempo.com.br\/home\/wp-json\/wp\/v2\/posts\/37255","targetHints":{"allow":["GET"]}}],"collection":[{"href":"https:\/\/goiasemtempo.com.br\/home\/wp-json\/wp\/v2\/posts"}],"about":[{"href":"https:\/\/goiasemtempo.com.br\/home\/wp-json\/wp\/v2\/types\/post"}],"author":[{"embeddable":true,"href":"https:\/\/goiasemtempo.com.br\/home\/wp-json\/wp\/v2\/users\/3"}],"replies":[{"embeddable":true,"href":"https:\/\/goiasemtempo.com.br\/home\/wp-json\/wp\/v2\/comments?post=37255"}],"version-history":[{"count":1,"href":"https:\/\/goiasemtempo.com.br\/home\/wp-json\/wp\/v2\/posts\/37255\/revisions"}],"predecessor-version":[{"id":37257,"href":"https:\/\/goiasemtempo.com.br\/home\/wp-json\/wp\/v2\/posts\/37255\/revisions\/37257"}],"wp:featuredmedia":[{"embeddable":true,"href":"https:\/\/goiasemtempo.com.br\/home\/wp-json\/wp\/v2\/media\/37256"}],"wp:attachment":[{"href":"https:\/\/goiasemtempo.com.br\/home\/wp-json\/wp\/v2\/media?parent=37255"}],"wp:term":[{"taxonomy":"category","embeddable":true,"href":"https:\/\/goiasemtempo.com.br\/home\/wp-json\/wp\/v2\/categories?post=37255"},{"taxonomy":"post_tag","embeddable":true,"href":"https:\/\/goiasemtempo.com.br\/home\/wp-json\/wp\/v2\/tags?post=37255"}],"curies":[{"name":"wp","href":"https:\/\/api.w.org\/{rel}","templated":true}]}}