{"id":3724,"date":"2017-12-24T13:30:03","date_gmt":"2017-12-24T13:30:03","guid":{"rendered":"http:\/\/goiasemtempo.com.br\/home\/?p=3724"},"modified":"2017-12-24T13:30:03","modified_gmt":"2017-12-24T13:30:03","slug":"catalunha-podera-declarar-a-independencia-este-fim-de-semana","status":"publish","type":"post","link":"https:\/\/goiasemtempo.com.br\/home\/catalunha-podera-declarar-a-independencia-este-fim-de-semana\/","title":{"rendered":"Catalunha poder\u00e1 declarar a independ\u00eancia este fim de semana"},"content":{"rendered":"<p>O presidente catal\u00e3o, Carles Puigdemont, afirmou que poder\u00e1 declarar a independ\u00eancia da Catalunha no fim desta semana ou no in\u00edcio da pr\u00f3xima. As declara\u00e7\u00f5es foram feitas \u00e0 inglesa BBC, ontem (3), pouco antes de o Rei Filipe VI fazer um pronunciamento pela televis\u00e3o a toda a popula\u00e7\u00e3o da Espanha, em que considera que o governo catal\u00e3o agiu com \u201cdeslealdade inadmiss\u00edvel\u201d.<\/p>\n<p>No \u00faltimo domingo (1\u00ba), cerca de 2 milh\u00f5es de pessoas votaram a favor da independ\u00eancia catal\u00e3. O governo espanhol afirma que o referendo foi ilegal e que n\u00e3o reconhecer\u00e1 o processo.<\/p>\n<p>\u201cVamos declarar independ\u00eancia 48 horas depois de contabilizados todos os resultados oficiais. Isso provavelmente estar\u00e1 terminado assim que tenhamos todos os votos dos estrangeiros no fim da semana, e assim agiremos provavelmente durante o fim desta semana ou no in\u00edcio da pr\u00f3xima\u201d, afirmou Puigdemont, que far\u00e1 uma declara\u00e7\u00e3o aos catal\u00e3es hoje (4), \u00e0s 21h (hor\u00e1rio de Barcelona).<\/p>\n<p>O Parlamento Europeu se reunir\u00e1 na tarde de hoje com o vice-presidente da Comiss\u00e3o Europeia, Frans Timmermans, para debater sobre a Constitui\u00e7\u00e3o, o Estado de Direito e os Direitos Fundamentais na Espanha.<\/p>\n<p>O presidente catal\u00e3o j\u00e1 declarou que espera que a Uni\u00e3o Europeia (UE) se envolva como mediadora do conflito que, para ele, n\u00e3o \u00e9 dom\u00e9stico e sim europeu. Ele disse \u00e0 BBC que acha \u201cmuito decepcionante\u201d que a UE n\u00e3o tenha escutado o povo catal\u00e3o.<\/p>\n<p>No entanto, a Comiss\u00e3o Europeia voltou a afirmar que a crise na Catalunha \u00e9 quest\u00e3o interna da Espanha e, ao que parece, n\u00e3o tem inten\u00e7\u00e3o de mediar o conflito. Para Jean Claude Juncker, presidente da comiss\u00e3o, o referendo de domingo n\u00e3o \u00e9 v\u00e1lido. No entanto, ele condenou a utiliza\u00e7\u00e3o da viol\u00eancia como instrumento pol\u00edtico.<\/p>\n<p>Como disse o presidente Juncker, esse \u00e9 um assunto interno da Espanha e esperamos que os intervenientes se sentem \u00e0 mesa, que a situa\u00e7\u00e3o se acalme e encontrem uma solu\u00e7\u00e3o, concluiu o vice-presidente do executivo comunit\u00e1rio Jyrki Katainen.<\/p>\n<p>Quando perguntado pela BBC sobre uma poss\u00edvel interven\u00e7\u00e3o do governo central na Catalunha, Carles Puigdemont considerou que seria outro erro, de uma s\u00e9rie de erros\u201d e que a cada novo acontecimento, o governo catal\u00e3o ganha mais apoio social.<\/p>\n<p>Discurso do rei<\/p>\n<p>No pronunciamento feito ontem (3) pela televis\u00e3o, o rei da Espanha, Felipe VI, afirmou que o pa\u00eds vive momentos muito graves para a vida democr\u00e1tica.<\/p>\n<p>\u201cH\u00e1 muito tempo, determinadas autoridades da Catalunha, de maneira reiterada, consciente e deliberada, v\u00eam descumprindo a Constitui\u00e7\u00e3o e seu Estatuto de Autonomia, que \u00e9 a lei que reconhece, protege e ampara as institui\u00e7\u00f5es hist\u00f3ricas e o autogoverno. Com suas decis\u00f5es, violaram de maneira sistem\u00e1tica as normas aprovadas legal e legitimamente, demostrando deslealdade inadmiss\u00edvel diante dos poderes do Estado\u201d, disse Felipe VI.<\/p>\n","protected":false},"excerpt":{"rendered":"<p>O presidente catal\u00e3o, Carles Puigdemont, afirmou que poder\u00e1 declarar a independ\u00eancia da Catalunha no fim desta semana ou no in\u00edcio da pr\u00f3xima. As declara\u00e7\u00f5es foram feitas \u00e0 inglesa BBC, ontem (3), pouco antes de o Rei Filipe VI fazer um pronunciamento pela televis\u00e3o a toda a popula\u00e7\u00e3o da Espanha, em que considera que o governo &hellip;<\/p>\n","protected":false},"author":2,"featured_media":1248,"comment_status":"open","ping_status":"open","sticky":false,"template":"","format":"standard","meta":{"_exactmetrics_skip_tracking":false,"_exactmetrics_sitenote_active":false,"_exactmetrics_sitenote_note":"","_exactmetrics_sitenote_category":0,"footnotes":""},"categories":[4],"tags":[],"_links":{"self":[{"href":"https:\/\/goiasemtempo.com.br\/home\/wp-json\/wp\/v2\/posts\/3724"}],"collection":[{"href":"https:\/\/goiasemtempo.com.br\/home\/wp-json\/wp\/v2\/posts"}],"about":[{"href":"https:\/\/goiasemtempo.com.br\/home\/wp-json\/wp\/v2\/types\/post"}],"author":[{"embeddable":true,"href":"https:\/\/goiasemtempo.com.br\/home\/wp-json\/wp\/v2\/users\/2"}],"replies":[{"embeddable":true,"href":"https:\/\/goiasemtempo.com.br\/home\/wp-json\/wp\/v2\/comments?post=3724"}],"version-history":[{"count":1,"href":"https:\/\/goiasemtempo.com.br\/home\/wp-json\/wp\/v2\/posts\/3724\/revisions"}],"predecessor-version":[{"id":3725,"href":"https:\/\/goiasemtempo.com.br\/home\/wp-json\/wp\/v2\/posts\/3724\/revisions\/3725"}],"wp:featuredmedia":[{"embeddable":true,"href":"https:\/\/goiasemtempo.com.br\/home\/wp-json\/wp\/v2\/media\/1248"}],"wp:attachment":[{"href":"https:\/\/goiasemtempo.com.br\/home\/wp-json\/wp\/v2\/media?parent=3724"}],"wp:term":[{"taxonomy":"category","embeddable":true,"href":"https:\/\/goiasemtempo.com.br\/home\/wp-json\/wp\/v2\/categories?post=3724"},{"taxonomy":"post_tag","embeddable":true,"href":"https:\/\/goiasemtempo.com.br\/home\/wp-json\/wp\/v2\/tags?post=3724"}],"curies":[{"name":"wp","href":"https:\/\/api.w.org\/{rel}","templated":true}]}}