{"id":37235,"date":"2018-05-03T15:52:44","date_gmt":"2018-05-03T15:52:44","guid":{"rendered":"https:\/\/goiasemtempo.com.br\/home\/?p=37235"},"modified":"2018-05-03T20:53:03","modified_gmt":"2018-05-03T20:53:03","slug":"toffoli-nega-liminar-para-tirar-acao-do-sitio-de-atibaia-de-sergio-moro","status":"publish","type":"post","link":"https:\/\/goiasemtempo.com.br\/home\/toffoli-nega-liminar-para-tirar-acao-do-sitio-de-atibaia-de-sergio-moro\/","title":{"rendered":"Toffoli nega liminar para tirar a\u00e7\u00e3o do s\u00edtio de Atibaia de S\u00e9rgio Moro"},"content":{"rendered":"<p>O ministro do Supremo Tribunal Federal (STF) Dias Toffoli negou hoje (3) um pedido de liminar (decis\u00e3o provis\u00f3ria) da defesa do ex-presidente Luiz In\u00e1cio Lula da Silva para que fosse retirada do juiz Sergio Moro, da 13a Vara Federal de Curitiba, a a\u00e7\u00e3o penal sobre o s\u00edtio em Atibaia (SP).<\/p>\n<p>Em seu despacho, Toffoli argumenta que \u201cn\u00e3o vislumbro a apontada ofensa \u00e0 autoridade do Supremo Tribunal Federal\u201d, a justificar a concess\u00e3o da liminar, que foi pedida em uma reclama\u00e7\u00e3o, tipo de processo destinado a assegurar o cumprimento de decis\u00f5es do STF.<\/p>\n<div class=\"dnd-widget-wrapper context-medio_4colunas type-image\">\n<div class=\"dnd-atom-rendered\">\n<figure class=\"mejs-fotoh-wrapper\"><img decoding=\"async\" class=\"img-responsive full full\" title=\"Bras\u00edlia - O ministro Dias Toffoli, atual presidente do TSE, ser\u00e1 substitu\u00eddo em maio pelo tamb\u00e9m ministro do STF Gilmar Mendes\/Jos\u00e9 Cruz\/Ag\u00eancia Brasil\" src=\"http:\/\/imagens.ebc.com.br\/r9K3ts980vkE6JPdtfsepaFk9ys=\/365x0\/smart\/http:\/\/agenciabrasil.ebc.com.br\/sites\/default\/files\/atoms\/image\/1011013-07042016dsc_5082-.jpg?itok=hUqgCf8Q\" alt=\"Bras\u00edlia - O ministro Dias Toffoli, atual presidente do TSE, ser\u00e1 substitu\u00eddo em maio pelo tamb\u00e9m ministro do STF Gilmar Mendes\" \/><\/figure>\n<\/div>\n<\/div>\n<div class=\"meta\">Ministro Dias Toffoli negou liminar \u00e0 defesa do ex-presidente Lula (Arquivo\/Ag\u00eancia Brasil)<\/div>\n<div><\/div>\n<div><\/div>\n<p>A defesa de Lula havia reclamado na quarta-feira (2) que Moro, ao negar a transfer\u00eancia dos autos para a Justi\u00e7a Federal em S\u00e3o Paulo, afrontou a autoridade da Segunda Turma do STF, que na semana passada determinou a remessa para a capital paulista de trechos sobre Lula e o s\u00edtio presentes na colabora\u00e7\u00e3o premiada da empresa Odebrecht.<\/p>\n<p>O pedido queria a suspens\u00e3o da a\u00e7\u00e3o penal at\u00e9 que fosse pacificada de quem \u00e9 a compet\u00eancia para investigar o caso.<\/p>\n<p>Toffoli destacou, no entanto, que a decis\u00e3o da Segunda Turma \u201cn\u00e3o examinou a compet\u00eancia da 13\u00aa Vara Federal Criminal da Se\u00e7\u00e3o Judici\u00e1ria do Paran\u00e1 para processar e julgar a\u00e7\u00f5es penais que j\u00e1 se encontravam em curso e nas quais o reclamante figura como r\u00e9u\u201d.<\/p>\n<p>O ministro disse ainda que \u201cdeterminou-se o encaminhamento isolado de termos de depoimento\u201d da Odebrecht envolvendo Lula, \u201cbem como que, em rela\u00e7\u00e3o a esses termos de depoimento \u2013 e n\u00e3o em rela\u00e7\u00e3o a a\u00e7\u00f5es penais em curso em primeiro grau &#8211; fossem oportunamente observadas as regras de fixa\u00e7\u00e3o, de modifica\u00e7\u00e3o e de concentra\u00e7\u00e3o de compet\u00eancia\u201d.<\/p>\n<p>Negada a liminar, o caso deve voltar a ser analisado na Segunda Turma do STF, depois que a Procuradoria-Geral da Rep\u00fablica tamb\u00e9m der seu parecer.<\/p>\n<h2><strong>Remessa negada<\/strong><\/h2>\n<p>Nos depoimentos da Odebrecht s\u00e3o mencionadas reformas no s\u00edtio em Atibaia, que o Minist\u00e9rio P\u00fablico Federal (MPF) diz ter sido entregue a Lula a t\u00edtulo de propina, em troca do favorecimento de determinadas empreiteiras em contratos com a Petrobras.<\/p>\n<p>Ap\u00f3s a decis\u00e3o da Segunda Turma, a defesa de Lula pediu a Moro que n\u00e3o s\u00f3 a dela\u00e7\u00e3o da Odebrecht como todo o processo sobre o s\u00edtio em Atibaia fosse remetido \u00e0 Justi\u00e7a Federal em S\u00e3o Paulo ou em Bras\u00edlia, onde os fatos criminosos supostamente teriam ocorrido.<\/p>\n<p>Moro negou o pedido, afirmando que o caso do s\u00edtio tem \u201coutras provas\u201d, e por isso, por ora, deve permanecer em Curitiba.<\/p>\n<p>O principal argumento da defesa \u00e9 o de que o caso em nada est\u00e1 relacionado ao esquema de corrup\u00e7\u00e3o na Petrobras investigado pela Lava Jato, sob a supervis\u00e3o de Moro, motivo pelo qual o juiz n\u00e3o seria o natural para conduzir a a\u00e7\u00e3o penal. Os advogados argumentam ainda que Lula n\u00e3o pode ser julgado pelos mesmos fatos em mais de uma jurisdi\u00e7\u00e3o.<\/p>\n<div class=\"edicao\">Edi\u00e7\u00e3o:\u00a0<span class=\"txtJustica\">Fernando Fraga<\/span><\/div>\n","protected":false},"excerpt":{"rendered":"<p>O ministro do Supremo Tribunal Federal (STF) Dias Toffoli negou hoje (3) um pedido de liminar (decis\u00e3o provis\u00f3ria) da defesa do ex-presidente Luiz In\u00e1cio Lula da Silva para que fosse retirada do juiz Sergio Moro, da 13a Vara Federal de Curitiba, a a\u00e7\u00e3o penal sobre o s\u00edtio em Atibaia (SP). Em seu despacho, Toffoli argumenta &hellip;<\/p>\n","protected":false},"author":3,"featured_media":37237,"comment_status":"open","ping_status":"open","sticky":false,"template":"","format":"standard","meta":{"_exactmetrics_skip_tracking":false,"_exactmetrics_sitenote_active":false,"_exactmetrics_sitenote_note":"","_exactmetrics_sitenote_category":0,"footnotes":""},"categories":[2],"tags":[],"_links":{"self":[{"href":"https:\/\/goiasemtempo.com.br\/home\/wp-json\/wp\/v2\/posts\/37235"}],"collection":[{"href":"https:\/\/goiasemtempo.com.br\/home\/wp-json\/wp\/v2\/posts"}],"about":[{"href":"https:\/\/goiasemtempo.com.br\/home\/wp-json\/wp\/v2\/types\/post"}],"author":[{"embeddable":true,"href":"https:\/\/goiasemtempo.com.br\/home\/wp-json\/wp\/v2\/users\/3"}],"replies":[{"embeddable":true,"href":"https:\/\/goiasemtempo.com.br\/home\/wp-json\/wp\/v2\/comments?post=37235"}],"version-history":[{"count":1,"href":"https:\/\/goiasemtempo.com.br\/home\/wp-json\/wp\/v2\/posts\/37235\/revisions"}],"predecessor-version":[{"id":37238,"href":"https:\/\/goiasemtempo.com.br\/home\/wp-json\/wp\/v2\/posts\/37235\/revisions\/37238"}],"wp:featuredmedia":[{"embeddable":true,"href":"https:\/\/goiasemtempo.com.br\/home\/wp-json\/wp\/v2\/media\/37237"}],"wp:attachment":[{"href":"https:\/\/goiasemtempo.com.br\/home\/wp-json\/wp\/v2\/media?parent=37235"}],"wp:term":[{"taxonomy":"category","embeddable":true,"href":"https:\/\/goiasemtempo.com.br\/home\/wp-json\/wp\/v2\/categories?post=37235"},{"taxonomy":"post_tag","embeddable":true,"href":"https:\/\/goiasemtempo.com.br\/home\/wp-json\/wp\/v2\/tags?post=37235"}],"curies":[{"name":"wp","href":"https:\/\/api.w.org\/{rel}","templated":true}]}}