{"id":3712,"date":"2017-12-24T13:25:51","date_gmt":"2017-12-24T13:25:51","guid":{"rendered":"http:\/\/goiasemtempo.com.br\/home\/?p=3712"},"modified":"2017-12-24T13:25:51","modified_gmt":"2017-12-24T13:25:51","slug":"oficial-do-corpo-de-bombeiros-do-rio-e-denunciado-por-venda-de-alvaras","status":"publish","type":"post","link":"https:\/\/goiasemtempo.com.br\/home\/oficial-do-corpo-de-bombeiros-do-rio-e-denunciado-por-venda-de-alvaras\/","title":{"rendered":"Oficial do Corpo de Bombeiros do Rio \u00e9 denunciado por venda de alvar\u00e1s"},"content":{"rendered":"<p>A Justi\u00e7a do Rio de Janeiro aceitou den\u00fancia contra o tenente-coronel do Corpo de Bombeiros Eric Soledade do Lago, acusado de integrar uma quadrilha que funcionava nos quart\u00e9is da corpora\u00e7\u00e3o e recebia propina para conceder alvar\u00e1s de licen\u00e7a a estabelecimentos comerciais na regi\u00e3o metropolitana sem cumprir as exig\u00eancias necess\u00e1rias para o funcionamento. Ao ser preso, em casa, ele tinha um rev\u00f3lver com numera\u00e7\u00e3o raspada e mais de 50 cartuchos.<\/p>\n<p>O tenente-coronel Eric Soledade do Lago virou r\u00e9u ao ter a den\u00fancia aceita pela Justi\u00e7a do estado.<\/p>\n<p>No dia 12 de setembro, a Corregedoria-Geral Unificada da Secretaria de Seguran\u00e7a P\u00fablica e o Minist\u00e9rio P\u00fablico do Rio de Janeiro (MPRJ) realizaram a Opera\u00e7\u00e3o Ingenium para cumprir mandados de pris\u00e3o contra 38 pessoas, das quais 35 bombeiros militares e tr\u00eas empres\u00e1rios, acusados de integrar a quadrilha. No momento em que se buscava cumprir o mandado de pris\u00e3o de Eric, foram encontradas em sua casa a arma e as muni\u00e7\u00f5es. O oficial teve negado o pedido de liberdade provis\u00f3ria.<\/p>\n<p>De acordo com o MPRJ, a investiga\u00e7\u00e3o come\u00e7ou com escutas telef\u00f4nicas feitas em 2015, referentes a uma investiga\u00e7\u00e3o sobre agiotagem, na qual um bombeiro estava envolvido. Os di\u00e1logos eram cifrados e que g\u00edrias eram usadas para se referir aos valores. O MPRJ informou ainda que o grupo negociava a libera\u00e7\u00e3o de estabelecimentos comerciais sem as exig\u00eancias e fiscaliza\u00e7\u00e3o necess\u00e1rias no processo legal, por meio do controle dos servi\u00e7os t\u00e9cnicos conhecido como Setor de Engenharia.<\/p>\n","protected":false},"excerpt":{"rendered":"<p>A Justi\u00e7a do Rio de Janeiro aceitou den\u00fancia contra o tenente-coronel do Corpo de Bombeiros Eric Soledade do Lago, acusado de integrar uma quadrilha que funcionava nos quart\u00e9is da corpora\u00e7\u00e3o e recebia propina para conceder alvar\u00e1s de licen\u00e7a a estabelecimentos comerciais na regi\u00e3o metropolitana sem cumprir as exig\u00eancias necess\u00e1rias para o funcionamento. Ao ser preso, &hellip;<\/p>\n","protected":false},"author":2,"featured_media":1242,"comment_status":"open","ping_status":"open","sticky":false,"template":"","format":"standard","meta":{"_exactmetrics_skip_tracking":false,"_exactmetrics_sitenote_active":false,"_exactmetrics_sitenote_note":"","_exactmetrics_sitenote_category":0,"footnotes":""},"categories":[4],"tags":[],"_links":{"self":[{"href":"https:\/\/goiasemtempo.com.br\/home\/wp-json\/wp\/v2\/posts\/3712"}],"collection":[{"href":"https:\/\/goiasemtempo.com.br\/home\/wp-json\/wp\/v2\/posts"}],"about":[{"href":"https:\/\/goiasemtempo.com.br\/home\/wp-json\/wp\/v2\/types\/post"}],"author":[{"embeddable":true,"href":"https:\/\/goiasemtempo.com.br\/home\/wp-json\/wp\/v2\/users\/2"}],"replies":[{"embeddable":true,"href":"https:\/\/goiasemtempo.com.br\/home\/wp-json\/wp\/v2\/comments?post=3712"}],"version-history":[{"count":1,"href":"https:\/\/goiasemtempo.com.br\/home\/wp-json\/wp\/v2\/posts\/3712\/revisions"}],"predecessor-version":[{"id":3713,"href":"https:\/\/goiasemtempo.com.br\/home\/wp-json\/wp\/v2\/posts\/3712\/revisions\/3713"}],"wp:featuredmedia":[{"embeddable":true,"href":"https:\/\/goiasemtempo.com.br\/home\/wp-json\/wp\/v2\/media\/1242"}],"wp:attachment":[{"href":"https:\/\/goiasemtempo.com.br\/home\/wp-json\/wp\/v2\/media?parent=3712"}],"wp:term":[{"taxonomy":"category","embeddable":true,"href":"https:\/\/goiasemtempo.com.br\/home\/wp-json\/wp\/v2\/categories?post=3712"},{"taxonomy":"post_tag","embeddable":true,"href":"https:\/\/goiasemtempo.com.br\/home\/wp-json\/wp\/v2\/tags?post=3712"}],"curies":[{"name":"wp","href":"https:\/\/api.w.org\/{rel}","templated":true}]}}