{"id":37103,"date":"2018-04-29T16:54:11","date_gmt":"2018-04-29T16:54:11","guid":{"rendered":"https:\/\/goiasemtempo.com.br\/home\/?p=37103"},"modified":"2018-04-29T16:54:11","modified_gmt":"2018-04-29T16:54:11","slug":"lula-acusa-sergio-moro-de-desacato-ao-stf-em-carta-enviada-a-gleisi","status":"publish","type":"post","link":"https:\/\/goiasemtempo.com.br\/home\/lula-acusa-sergio-moro-de-desacato-ao-stf-em-carta-enviada-a-gleisi\/","title":{"rendered":"Lula acusa S\u00e9rgio Moro de desacato ao STF, em carta enviada \u00e0 Gleisi"},"content":{"rendered":"<p>O ex-presidente Luiz In\u00e1cio Lula da Silva, preso na sede da Pol\u00edcia Federal em Curitiba, escreveu uma \u00a0carta criticando a\u00e7\u00f5es do juiz S\u00e9rgio Moro, que decidiu manter sob sua jurisdi\u00e7\u00e3o as a\u00e7\u00f5es que envolvam o ex-presidente. \u201cFiquei perplexo ao saber que o Moro e o Minist\u00e9rio P\u00fablico n\u00e3o v\u00e3o cumprir a determina\u00e7\u00e3o do STF\u201d, diz Lula \u00e0 presidente do PT,\u00a0 Gleisi Hoffmann,\u00a0em trecho divulgado pela colunista Daniela Lima, na Folha de S. Paulo. \u201cQue pa\u00eds \u00e9 esse em que uma inst\u00e2ncia inferior desacata a superior, em que um juiz de primeira inst\u00e2ncia desacata os ministros da suprema corte?\u201d<\/p>\n<p>Na ter\u00e7a-feira, a maioria dos ministros da Segunda Turma do STF (Supremo Tribunal Federal) decidiu enviar as dela\u00e7\u00f5es da Odebrecht que envolvem o ex-presidente para a Justi\u00e7a Federal em S\u00e3o Paulo, retirando-os da al\u00e7ada de Moro. O juiz de Curitiba, contudo, afirmou na quinta-feira que aguardaria a publica\u00e7\u00e3o de ac\u00f3rd\u00e3o do STF antes de decidir sobre a poss\u00edvel ida dos processos contra Lula para a capital paulista.<\/p>\n<p>O ex-presidente Lula tenta h\u00e1 dois anos escapar das m\u00e3os do Juiz S\u00e9rgio Moro.\u00a0Com esse objetivo, sua defesa entrou com mais de uma d\u00fazia de recursos na Justi\u00e7a no per\u00edodo \u2014 e perdeu todos. Nesta semana, por\u00e9m, o petista vislumbrou uma possibilidade de mudar sua sorte. Por 3 votos a 2, a Segunda Turma do Supremo Tribunal Federal (STF), que ganhou o jocoso apelido de Supreminho porque n\u00e3o se preocupa em manter coer\u00eancia nos votos, decidiu remeter trechos da dela\u00e7\u00e3o premiada da Odebrecht de Curitiba para S\u00e3o Paulo. Seis meses antes, o Supreminho havia julgado a mesma quest\u00e3o \u2014 e o placar foi de 5 a 0 contra Lula. Agora, mudaram de voto os ministros Dias Toffoli, Ricardo Lewandowski e Gilmar Mendes, que entenderam \u2014 agora, frise-se \u2014 que as colabora\u00e7\u00f5es dos delatores n\u00e3o tinham conex\u00e3o com os desvios da Petrobras e, portanto, n\u00e3o deveriam estar nas m\u00e3os de Moro. Desde setembro de 2015, por entendimento do STF, cabem ao juiz de Curitiba apenas as a\u00e7\u00f5es ligadas \u00e0 petrol\u00edfera.<\/p>\n<p>Os advogados de Lula celebraram a decis\u00e3o como se o tribunal j\u00e1 tivesse decretado a incompet\u00eancia de Moro para julgar os processos do petista \u2014 uma vez que a transfer\u00eancia dos trechos da dela\u00e7\u00e3o da Odebrecht para outra vara \u201cesvaziaria\u201d a\u00e7\u00f5es contra o ex-presidente. A da reforma do s\u00edtio de Atibaia, por exemplo, est\u00e1 na etapa de oitiva de testemunhas e a da compra de um pr\u00e9dio para sediar o Instituto Lula, na fase de alega\u00e7\u00f5es finais. Na pr\u00e1tica, no entanto, especialistas explicam que o entusiasmo do advogado Cristiano Zanin n\u00e3o \u00e9 inteiramente justificado. Por dois motivos: 1) os documentos que ser\u00e3o enviados para SP poder\u00e3o ser compartilhados com Moro; 2) os processos que est\u00e3o em Curitiba n\u00e3o dependem das dela\u00e7\u00f5es da empreiteira.<\/p>\n<p>Com Ag\u00eancia de Not\u00edcias\/Not\u00edcias Ao Minuto.<\/p>\n","protected":false},"excerpt":{"rendered":"<p>O ex-presidente Luiz In\u00e1cio Lula da Silva, preso na sede da Pol\u00edcia Federal em Curitiba, escreveu uma \u00a0carta criticando a\u00e7\u00f5es do juiz S\u00e9rgio Moro, que decidiu manter sob sua jurisdi\u00e7\u00e3o as a\u00e7\u00f5es que envolvam o ex-presidente. \u201cFiquei perplexo ao saber que o Moro e o Minist\u00e9rio P\u00fablico n\u00e3o v\u00e3o cumprir a determina\u00e7\u00e3o do STF\u201d, diz &hellip;<\/p>\n","protected":false},"author":3,"featured_media":37104,"comment_status":"open","ping_status":"open","sticky":false,"template":"","format":"standard","meta":{"_exactmetrics_skip_tracking":false,"_exactmetrics_sitenote_active":false,"_exactmetrics_sitenote_note":"","_exactmetrics_sitenote_category":0,"footnotes":""},"categories":[2],"tags":[],"_links":{"self":[{"href":"https:\/\/goiasemtempo.com.br\/home\/wp-json\/wp\/v2\/posts\/37103"}],"collection":[{"href":"https:\/\/goiasemtempo.com.br\/home\/wp-json\/wp\/v2\/posts"}],"about":[{"href":"https:\/\/goiasemtempo.com.br\/home\/wp-json\/wp\/v2\/types\/post"}],"author":[{"embeddable":true,"href":"https:\/\/goiasemtempo.com.br\/home\/wp-json\/wp\/v2\/users\/3"}],"replies":[{"embeddable":true,"href":"https:\/\/goiasemtempo.com.br\/home\/wp-json\/wp\/v2\/comments?post=37103"}],"version-history":[{"count":1,"href":"https:\/\/goiasemtempo.com.br\/home\/wp-json\/wp\/v2\/posts\/37103\/revisions"}],"predecessor-version":[{"id":37105,"href":"https:\/\/goiasemtempo.com.br\/home\/wp-json\/wp\/v2\/posts\/37103\/revisions\/37105"}],"wp:featuredmedia":[{"embeddable":true,"href":"https:\/\/goiasemtempo.com.br\/home\/wp-json\/wp\/v2\/media\/37104"}],"wp:attachment":[{"href":"https:\/\/goiasemtempo.com.br\/home\/wp-json\/wp\/v2\/media?parent=37103"}],"wp:term":[{"taxonomy":"category","embeddable":true,"href":"https:\/\/goiasemtempo.com.br\/home\/wp-json\/wp\/v2\/categories?post=37103"},{"taxonomy":"post_tag","embeddable":true,"href":"https:\/\/goiasemtempo.com.br\/home\/wp-json\/wp\/v2\/tags?post=37103"}],"curies":[{"name":"wp","href":"https:\/\/api.w.org\/{rel}","templated":true}]}}