{"id":3710,"date":"2017-12-24T13:25:11","date_gmt":"2017-12-24T13:25:11","guid":{"rendered":"http:\/\/goiasemtempo.com.br\/home\/?p=3710"},"modified":"2017-12-24T13:25:11","modified_gmt":"2017-12-24T13:25:11","slug":"familias-de-baixa-renda-da-ilha-do-governador-sao-ameacadas-de-remocao","status":"publish","type":"post","link":"https:\/\/goiasemtempo.com.br\/home\/familias-de-baixa-renda-da-ilha-do-governador-sao-ameacadas-de-remocao\/","title":{"rendered":"Fam\u00edlias de baixa renda da Ilha do Governador s\u00e3o amea\u00e7adas de remo\u00e7\u00e3o"},"content":{"rendered":"<p>Um novo ciclo de remo\u00e7\u00f5es de fam\u00edlias de baixa renda teve in\u00edcio na Ilha do Governador, zona norte da capital fluminense. Nos \u00faltimos dias, 15 fam\u00edlias residentes na Estrada dos Maracaj\u00e1s foram notificadas pela Justi\u00e7a Federal para sa\u00edrem de suas casas no prazo de 30 dias.<\/p>\n<p>Segundo denunciou hoje (5) o ecologista S\u00e9rgio Ricardo, que apoia as fam\u00edlias, desde a privatiza\u00e7\u00e3o do Aeroporto Internacional do Rio de Janeiro Tom Jobim, em 2013, est\u00e3o acontecendo remo\u00e7\u00f5es seletivas nas comunidades da regi\u00e3o. \u201cTira duas fam\u00edlias, depois tira mais tr\u00eas e isso vem acontecendo ao longo dos anos\u201d. Em 2015, foram cinco casas demolidas na comunidade R\u00e1dio Sonda. H\u00e1 dois meses, o presidente da Associa\u00e7\u00e3o de Moradores da R\u00e1dio Sonda, Daniel Rosa, teve a casa demolida, informou.<\/p>\n<p>S\u00e9rgio Ricardo disse que o edital de privatiza\u00e7\u00e3o do aeroporto previa a remo\u00e7\u00e3o ou desapropria\u00e7\u00e3o de 15 mil fam\u00edlias do entorno da unidade aeroportu\u00e1ria, ligada \u00e0 constru\u00e7\u00e3o de uma terceira pista de voo. Os moradores conseguiram, na ocasi\u00e3o, adiar o debate, cujo retorno \u00e0 pauta estaria vinculado ao aumento do n\u00famero de passageiros com a realiza\u00e7\u00e3o dos megaeventos esportivos que culminaram na Olimp\u00edada Rio 2016.<\/p>\n<p>\u201cA maior parte s\u00e3o pessoas idosas que j\u00e1 foram removidas nos anos de 1950, quando foi constru\u00eddo o aeroporto. Eram crian\u00e7as na \u00e9poca e agora s\u00e3o idosos\u201d, disse o ecologista. Uma dessas pessoas \u00e9 Josefa Ignez dos Santos, de 93 anos, que necessita de cuidados.<\/p>\n<p>Transfer\u00eancia<\/p>\n<p>De acordo com S\u00e9rgio Ricardo, em 2015, houve transfer\u00eancia de \u00e1reas do Gale\u00e3o pela Secretaria de Patrim\u00f4nio da Uni\u00e3o (SPU) para a Aeron\u00e1utica. A Aeron\u00e1utica \u00e9 acusada de estar privatizando a \u00e1rea onde moram as 15 fam\u00edlias da Estrada dos Maracaj\u00e1s para favorecer interesses de empresas privadas. Ricardo assegurou que as fam\u00edlias n\u00e3o est\u00e3o em \u00e1rea de risco nem de prote\u00e7\u00e3o ambiental, que seriam argumentos para desapropria\u00e7\u00e3o. Informou ainda que a regi\u00e3o do Gale\u00e3o, no passado, pertencia a padres beneditinos que a transferiram para agricultores e pescadores. \u201cDepois \u00e9 que vieram o aeroporto e a Aeron\u00e1utica. Ali, tem um grande conflito fundi\u00e1rio\u201d.<\/p>\n<p>Ontem (4), cerca de 20 fam\u00edlias da comunidade R\u00e1dio Sonda e vizinhos fizeram um protesto na Estrada do Gale\u00e3o, provocando interdi\u00e7\u00f5es no tr\u00e2nsito. Os manifestantes portaram cartazes nos quais asseguravam que n\u00e3o eram invasores. SOS Maracaj\u00e1s. Contra as remo\u00e7\u00f5es, dizia um deles.<\/p>\n<p>A diretora da Associa\u00e7\u00e3o de Moradores da R\u00e1dio Sonda, Edivalma Souza da Cunha, conhecida como Di, disse \u00e0 Ag\u00eancia Brasil que as fam\u00edlias est\u00e3o sofrendo especula\u00e7\u00e3o imobili\u00e1ria. \u201cQuerem retirar as fam\u00edlias daqui por interesses particulares\u201d. E completou: \u201cA Aeron\u00e1utica alega que o terreno \u00e9 dela e quer tirar as fam\u00edlias, sem direito a indeniza\u00e7\u00e3o e sem outro lugar para elas morarem\u201d.<\/p>\n<p>No pr\u00f3ximo dia 13, as fam\u00edlias das comunidades da regi\u00e3o est\u00e3o programando \u201ctrancar\u201d a pista do aeroporto do Rio. Al\u00e9m disso, com apoio da Pastoral das Favelas, preparam um ato na pr\u00f3xima semana, pr\u00f3ximo da sede da SPU, na capital do estado, reivindicando que o \u00f3rg\u00e3o repasse aquelas terras para a prefeitura carioca, visando sua municipaliza\u00e7\u00e3o, seguindo tend\u00eancia que ocorre no pa\u00eds.<\/p>\n<p>O argumento \u00e9 que a prefeitura n\u00e3o teria gastos com infraestrutura porque ela j\u00e1 existe na \u00e1rea, e poderia assumir o processo de regulariza\u00e7\u00e3o fundi\u00e1ria, com ganhos inclusive, por meio do recebimento de impostos como o Imposto Predial e Territorial Urbano (IPTU).<\/p>\n<p>S\u00e9rgio Ricardo acrescentou que \u201cdurante o per\u00edodo dos mega eventos internacionais, que culminou com a Olimp\u00edada de 2016, mais de 67 mil pessoas de baixa renda foram removidas de suas moradias\u201d.<\/p>\n<p>Aeron\u00e1utica<\/p>\n<p>Procurado pela Ag\u00eancia Brasil, o Centro de Comunica\u00e7\u00e3o Social da Aeron\u00e1utica esclareceu, em nota, que o terreno em quest\u00e3o \u00e9 uma \u00e1rea da Uni\u00e3o, sob responsabilidade administrativa do Comando da Aeron\u00e1utica. \u201cPortanto, o Comando da Aeron\u00e1utica, por dever de of\u00edcio, entrou com uma a\u00e7\u00e3o de reintegra\u00e7\u00e3o de posse na Justi\u00e7a Federal. A decis\u00e3o em car\u00e1ter liminar determinou a desocupa\u00e7\u00e3o do terreno por algumas fam\u00edlias no prazo de 30 dias, a contar de 27 de setembro de 2017\u201d, conclui a nota.<\/p>\n","protected":false},"excerpt":{"rendered":"<p>Um novo ciclo de remo\u00e7\u00f5es de fam\u00edlias de baixa renda teve in\u00edcio na Ilha do Governador, zona norte da capital fluminense. Nos \u00faltimos dias, 15 fam\u00edlias residentes na Estrada dos Maracaj\u00e1s foram notificadas pela Justi\u00e7a Federal para sa\u00edrem de suas casas no prazo de 30 dias. Segundo denunciou hoje (5) o ecologista S\u00e9rgio Ricardo, que &hellip;<\/p>\n","protected":false},"author":2,"featured_media":1241,"comment_status":"open","ping_status":"open","sticky":false,"template":"","format":"standard","meta":{"footnotes":""},"categories":[4],"tags":[],"class_list":["post-3710","post","type-post","status-publish","format-standard","has-post-thumbnail","hentry","category-ultimas-noticias"],"_links":{"self":[{"href":"https:\/\/goiasemtempo.com.br\/home\/wp-json\/wp\/v2\/posts\/3710","targetHints":{"allow":["GET"]}}],"collection":[{"href":"https:\/\/goiasemtempo.com.br\/home\/wp-json\/wp\/v2\/posts"}],"about":[{"href":"https:\/\/goiasemtempo.com.br\/home\/wp-json\/wp\/v2\/types\/post"}],"author":[{"embeddable":true,"href":"https:\/\/goiasemtempo.com.br\/home\/wp-json\/wp\/v2\/users\/2"}],"replies":[{"embeddable":true,"href":"https:\/\/goiasemtempo.com.br\/home\/wp-json\/wp\/v2\/comments?post=3710"}],"version-history":[{"count":1,"href":"https:\/\/goiasemtempo.com.br\/home\/wp-json\/wp\/v2\/posts\/3710\/revisions"}],"predecessor-version":[{"id":3711,"href":"https:\/\/goiasemtempo.com.br\/home\/wp-json\/wp\/v2\/posts\/3710\/revisions\/3711"}],"wp:featuredmedia":[{"embeddable":true,"href":"https:\/\/goiasemtempo.com.br\/home\/wp-json\/wp\/v2\/media\/1241"}],"wp:attachment":[{"href":"https:\/\/goiasemtempo.com.br\/home\/wp-json\/wp\/v2\/media?parent=3710"}],"wp:term":[{"taxonomy":"category","embeddable":true,"href":"https:\/\/goiasemtempo.com.br\/home\/wp-json\/wp\/v2\/categories?post=3710"},{"taxonomy":"post_tag","embeddable":true,"href":"https:\/\/goiasemtempo.com.br\/home\/wp-json\/wp\/v2\/tags?post=3710"}],"curies":[{"name":"wp","href":"https:\/\/api.w.org\/{rel}","templated":true}]}}