{"id":36954,"date":"2018-04-25T17:52:07","date_gmt":"2018-04-25T17:52:07","guid":{"rendered":"https:\/\/goiasemtempo.com.br\/home\/?p=36954"},"modified":"2018-04-25T17:52:07","modified_gmt":"2018-04-25T17:52:07","slug":"vitti-destaca-modernidade-de-novo-painel-eletronico-da-assembleia-de-goias","status":"publish","type":"post","link":"https:\/\/goiasemtempo.com.br\/home\/vitti-destaca-modernidade-de-novo-painel-eletronico-da-assembleia-de-goias\/","title":{"rendered":"Vitti destaca modernidade de novo painel eletr\u00f4nico da Assembl\u00e9ia de Goi\u00e1s"},"content":{"rendered":"<p>O presidente da Assembleia Legislativa, deputado Jos\u00e9 Vitti (PSDB) ressaltou a import\u00e2ncia do novo painel eletr\u00f4nico do plen\u00e1rio Getulino Artiaga, que entrou em funcionamento na sess\u00e3o ordin\u00e1ria desta ter\u00e7a-feira, 24. O equipamento come\u00e7ou a ser instalado na \u00faltima sexta-feira por t\u00e9cnicos da empresa que gerencia os pain\u00e9is eletr\u00f4nicos da Casa.<\/p>\n<p>\u201c\u00c9 um painel bem mais moderno. Ele vai trazer mais transpar\u00eancia, n\u00f3s vamos eliminar qualquer tipo de problema, tendo em vista que as presen\u00e7as ser\u00e3o aferidas apenas com a digital ou com a palma da m\u00e3o. Estamos dando sequ\u00eancia naquilo que \u00e9 o nosso prop\u00f3sito de tornar as sess\u00f5es cada vez mais seguras e transparentes\u201d, destacou.<\/p>\n<p>Vitti tamb\u00e9m reiterou que o investimento no novo painel \u00e9 um legado da 18\u00aa legislatura. \u201cN\u00f3s somos um colegiado eu acho que \u00e9 uma decis\u00e3o da grande maioria. Eu sempre tive apoio de todos os meus colegas, principalmente no que tange \u00e0 quest\u00e3o de transpar\u00eancia e abertura da Casa perante \u00e0 sociedade\u201d, frisou.<\/p>\n<p>A instala\u00e7\u00e3o do sistema de biometria faz parte de um conjunto de medidas seguindo a linha de transpar\u00eancia e legalidade adotada pela atual gest\u00e3o que no final do ano passado apresentou projeto da Mesa Diretora alterando o regimento interno da Assembleia Legislativa no que tange \u00e0 frequ\u00eancia dos deputados nas atividades parlamentares.<\/p>\n<p><img decoding=\"async\" src=\"http:\/\/files.aredacao.com.br\/upload\/content\/-mais-moderno-diz-vitti-sobre-novo-painel-eletronico-da-assembleia.jpg\" alt=\"Resultado de imagem para vitti painel eletronico assembleia\" \/><\/p>\n","protected":false},"excerpt":{"rendered":"<p>O presidente da Assembleia Legislativa, deputado Jos\u00e9 Vitti (PSDB) ressaltou a import\u00e2ncia do novo painel eletr\u00f4nico do plen\u00e1rio Getulino Artiaga, que entrou em funcionamento na sess\u00e3o ordin\u00e1ria desta ter\u00e7a-feira, 24. O equipamento come\u00e7ou a ser instalado na \u00faltima sexta-feira por t\u00e9cnicos da empresa que gerencia os pain\u00e9is eletr\u00f4nicos da Casa. \u201c\u00c9 um painel bem mais &hellip;<\/p>\n","protected":false},"author":3,"featured_media":36955,"comment_status":"open","ping_status":"open","sticky":false,"template":"","format":"standard","meta":{"_exactmetrics_skip_tracking":false,"_exactmetrics_sitenote_active":false,"_exactmetrics_sitenote_note":"","_exactmetrics_sitenote_category":0,"footnotes":""},"categories":[15],"tags":[],"_links":{"self":[{"href":"https:\/\/goiasemtempo.com.br\/home\/wp-json\/wp\/v2\/posts\/36954"}],"collection":[{"href":"https:\/\/goiasemtempo.com.br\/home\/wp-json\/wp\/v2\/posts"}],"about":[{"href":"https:\/\/goiasemtempo.com.br\/home\/wp-json\/wp\/v2\/types\/post"}],"author":[{"embeddable":true,"href":"https:\/\/goiasemtempo.com.br\/home\/wp-json\/wp\/v2\/users\/3"}],"replies":[{"embeddable":true,"href":"https:\/\/goiasemtempo.com.br\/home\/wp-json\/wp\/v2\/comments?post=36954"}],"version-history":[{"count":1,"href":"https:\/\/goiasemtempo.com.br\/home\/wp-json\/wp\/v2\/posts\/36954\/revisions"}],"predecessor-version":[{"id":36956,"href":"https:\/\/goiasemtempo.com.br\/home\/wp-json\/wp\/v2\/posts\/36954\/revisions\/36956"}],"wp:featuredmedia":[{"embeddable":true,"href":"https:\/\/goiasemtempo.com.br\/home\/wp-json\/wp\/v2\/media\/36955"}],"wp:attachment":[{"href":"https:\/\/goiasemtempo.com.br\/home\/wp-json\/wp\/v2\/media?parent=36954"}],"wp:term":[{"taxonomy":"category","embeddable":true,"href":"https:\/\/goiasemtempo.com.br\/home\/wp-json\/wp\/v2\/categories?post=36954"},{"taxonomy":"post_tag","embeddable":true,"href":"https:\/\/goiasemtempo.com.br\/home\/wp-json\/wp\/v2\/tags?post=36954"}],"curies":[{"name":"wp","href":"https:\/\/api.w.org\/{rel}","templated":true}]}}