{"id":36937,"date":"2018-04-25T13:32:29","date_gmt":"2018-04-25T13:32:29","guid":{"rendered":"https:\/\/goiasemtempo.com.br\/home\/?p=36937"},"modified":"2018-04-25T13:32:29","modified_gmt":"2018-04-25T13:32:29","slug":"promotor-articula-parceria-para-a-oferta-de-cursos-tecnologicos-em-presidios","status":"publish","type":"post","link":"https:\/\/goiasemtempo.com.br\/home\/promotor-articula-parceria-para-a-oferta-de-cursos-tecnologicos-em-presidios\/","title":{"rendered":"Promotor articula parceria para a oferta de cursos tecnol\u00f3gicos em pres\u00eddios"},"content":{"rendered":"<p>O promotor de Justi\u00e7a Marcelo Celestino reuniu-se nesta segunda-feira (23\/4) com integrantes da Diretoria-Geral de Administra\u00e7\u00e3o Penitenci\u00e1ria (DGAP), da Secretaria Estadual de Desenvolvimento (SED), dos Institutos Tecnol\u00f3gicos de Goi\u00e1s (Itegos) e do Instituto Reger para tratativas referentes \u00e0 cria\u00e7\u00e3o de col\u00e9gios tecnol\u00f3gicos (Cotec) em unidades prisionais. Com atribui\u00e7\u00e3o na tutela difusa da seguran\u00e7a p\u00fablica, o promotor esclareceu que, antes da poss\u00edvel instala\u00e7\u00e3o dos col\u00e9gios, ser\u00e3o feitas inspe\u00e7\u00f5es nas instala\u00e7\u00f5es nos pres\u00eddios de An\u00e1polis e Catal\u00e3o.<\/p>\n<p>Conforme detalhado na reuni\u00e3o, a prioridade de cursos s\u00e3o de viveiricultura (viveiro e produ\u00e7\u00e3o de mudas), corte e costura,\u00a0<em>silk screen<\/em>, para atender ao projeto Esportes de Transforma\u00e7\u00e3o. Segundo definido no encontro, a sele\u00e7\u00e3o dos presos dever\u00e1 ser feita pela Central de Acompanhamento e Fiscaliza\u00e7\u00e3o (CAF), \u00f3rg\u00e3o da DGAP, e n\u00e3o pelas dire\u00e7\u00f5es dos pres\u00eddios locais.<\/p>\n<p>Ao MP-GO, caber\u00e1 ainda encaminhar os levantamentos das demandas de cursos para a Ger\u00eancia de Gest\u00e3o Tecnol\u00f3gica da SED, para an\u00e1lise das possibilidades. Al\u00e9m disso, ser\u00e1 discutida com a Seduce a possibilidade de encaminhamento de cinco cont\u00eaineres escola para a instala\u00e7\u00e3o de col\u00e9gio tecnol\u00f3gico no Complexo Prisional de Aparecida de Goi\u00e2nia, em An\u00e1polis e em Catal\u00e3o.<\/p>\n<p><img decoding=\"async\" src=\"http:\/\/www.mpgo.mp.br\/portal\/system\/images\/W1siZiIsIjIwMTgvMDQvMjQvMTVfMDZfMDRfODYzX0lNR18yMzg4LkpQRyJdXQ\/IMG_2388.JPG\" \/><\/p>\n<p><strong>Tema PGA\u00a0<\/strong><\/p>\n<p>A reestrutura\u00e7\u00e3o do sistema prisional em Goi\u00e1s foi o tema escolhido como prioridade para o Plano Geral de Atua\u00e7\u00e3o do MP-GO para o bi\u00eanio 2018-2019, ap\u00f3s ampla consulta aos membros da institui\u00e7\u00e3o ao longo de 2017.\u00a0<em>(Texto: Cristina Rosa \/ Assessoria de Comunica\u00e7\u00e3o Social do MP-GO &#8211; Fotos: Arquivo da 25\u00aa PJ de Goi\u00e2nia)<\/em><\/p>\n","protected":false},"excerpt":{"rendered":"<p>O promotor de Justi\u00e7a Marcelo Celestino reuniu-se nesta segunda-feira (23\/4) com integrantes da Diretoria-Geral de Administra\u00e7\u00e3o Penitenci\u00e1ria (DGAP), da Secretaria Estadual de Desenvolvimento (SED), dos Institutos Tecnol\u00f3gicos de Goi\u00e1s (Itegos) e do Instituto Reger para tratativas referentes \u00e0 cria\u00e7\u00e3o de col\u00e9gios tecnol\u00f3gicos (Cotec) em unidades prisionais. Com atribui\u00e7\u00e3o na tutela difusa da seguran\u00e7a p\u00fablica, o &hellip;<\/p>\n","protected":false},"author":3,"featured_media":36938,"comment_status":"open","ping_status":"open","sticky":false,"template":"","format":"standard","meta":{"_exactmetrics_skip_tracking":false,"_exactmetrics_sitenote_active":false,"_exactmetrics_sitenote_note":"","_exactmetrics_sitenote_category":0,"footnotes":""},"categories":[15],"tags":[],"_links":{"self":[{"href":"https:\/\/goiasemtempo.com.br\/home\/wp-json\/wp\/v2\/posts\/36937"}],"collection":[{"href":"https:\/\/goiasemtempo.com.br\/home\/wp-json\/wp\/v2\/posts"}],"about":[{"href":"https:\/\/goiasemtempo.com.br\/home\/wp-json\/wp\/v2\/types\/post"}],"author":[{"embeddable":true,"href":"https:\/\/goiasemtempo.com.br\/home\/wp-json\/wp\/v2\/users\/3"}],"replies":[{"embeddable":true,"href":"https:\/\/goiasemtempo.com.br\/home\/wp-json\/wp\/v2\/comments?post=36937"}],"version-history":[{"count":1,"href":"https:\/\/goiasemtempo.com.br\/home\/wp-json\/wp\/v2\/posts\/36937\/revisions"}],"predecessor-version":[{"id":36939,"href":"https:\/\/goiasemtempo.com.br\/home\/wp-json\/wp\/v2\/posts\/36937\/revisions\/36939"}],"wp:featuredmedia":[{"embeddable":true,"href":"https:\/\/goiasemtempo.com.br\/home\/wp-json\/wp\/v2\/media\/36938"}],"wp:attachment":[{"href":"https:\/\/goiasemtempo.com.br\/home\/wp-json\/wp\/v2\/media?parent=36937"}],"wp:term":[{"taxonomy":"category","embeddable":true,"href":"https:\/\/goiasemtempo.com.br\/home\/wp-json\/wp\/v2\/categories?post=36937"},{"taxonomy":"post_tag","embeddable":true,"href":"https:\/\/goiasemtempo.com.br\/home\/wp-json\/wp\/v2\/tags?post=36937"}],"curies":[{"name":"wp","href":"https:\/\/api.w.org\/{rel}","templated":true}]}}