{"id":36927,"date":"2018-04-25T02:31:32","date_gmt":"2018-04-25T02:31:32","guid":{"rendered":"https:\/\/goiasemtempo.com.br\/home\/?p=36927"},"modified":"2018-04-25T02:31:32","modified_gmt":"2018-04-25T02:31:32","slug":"ex-prefeita-de-ribeirao-preto-e-condenada-a-prisao-por-desviar-verba-de-etapa-da-stock-car","status":"publish","type":"post","link":"https:\/\/goiasemtempo.com.br\/home\/ex-prefeita-de-ribeirao-preto-e-condenada-a-prisao-por-desviar-verba-de-etapa-da-stock-car\/","title":{"rendered":"Ex-prefeita de Ribeir\u00e3o Preto \u00e9 condenada a pris\u00e3o por desviar verba de etapa da Stock Car"},"content":{"rendered":"<p>A Justi\u00e7a Federal decidiu nesta ter\u00e7a-feira (24) pela condena\u00e7\u00e3o de D\u00e1rcy Vera (hoje sem partido, mas eleita por DEM-SP e PSD-SP), ex-prefeita de Ribeir\u00e3o Preto a cinco anos em regime semiaberto. Vera foi julgada e condenada pelo desvio de R$ 2,2 milh\u00f5es que haviam sido repassados do Minist\u00e9rio do Turismo para an\u00fancios publicit\u00e1rios no fim de semana de corrida da Stock Car, realizada em Ribeir\u00e3o Preto, no ano de 2010.<\/p>\n<p>\u00c9 mais uma condena\u00e7\u00e3o para a ex-prefeita, que j\u00e1 est\u00e1 encarcerada na penitenci\u00e1ria de Trememb\u00e9 desde maio de 2017 por um caso de corrup\u00e7\u00e3o da Opera\u00e7\u00e3o Sevandija, no qual \u00e9 acusada de receber R$ 7 milh\u00f5es em propina para liberar pagamentos il\u00edcitos para despesas legais.<\/p>\n<p>O caso envolvendo a Stock Car se tornou investigado pelo Minist\u00e9rio P\u00fablico Federal ap\u00f3s o Tribunal de Contas da Uni\u00e3o reprovar duas vezes a presta\u00e7\u00e3o de contas ligada \u00e0 parceria entre Minist\u00e9rio do Turismo e Prefeitura de Ribeir\u00e3o Preto, celebrada no ano da primeira corrida da Stock Car na cidade do interior de S\u00e3o Paulo. \u00c0 \u00e9poca um acordo de publicidade entre as partes viu o governo federal enviar R$ 2 milh\u00f5es enquanto a Prefeitura abriria o cofre para R$ 200 mil.<\/p>\n<p>D\u00e1rcy prestou depoimento \u00e0 Justi\u00e7a Federal em janeiro deste ano sobre a investiga\u00e7\u00e3o em curso e negou ter participado de qualquer desvio de dinheiro p\u00fablico. Segundo a ex-prefeita, que foi eleita pela primeira vez em 2008 e depois reeleita em 2012, n\u00e3o era da al\u00e7ada dela tratar da aplica\u00e7\u00e3o do recursou p\u00fablico ou prestar contas dele: segundo ela, tais fun\u00e7\u00f5es cabiam \u00e0s equipes t\u00e9cnicas as secretarias de Fazenda e Turismo da cidade.<\/p>\n<p>\u201cMeu \u00fanico objetivo era promover Ribeir\u00e3o Preto, eu trabalhei muito por isso. A den\u00fancia \u00e9 falsa&#8221;, afirmou na \u00e9poca.<\/p>\n<p><img decoding=\"async\" src=\"https:\/\/f.i.uol.com.br\/fotografia\/2017\/12\/18\/15135902275a378dd35cc25_1513590227_3x2_md.jpg\" alt=\"Imagem relacionada\" \/><\/p>\n<p>O ex-secret\u00e1rio de Administra\u00e7\u00e3o da cidade, Marco Ant\u00f4nio dos Santos, que foi preso na mesma Opera\u00e7\u00e3o Sevandija que Vera, afirmou que assinava os conv\u00eanios como este da Prefeitura com o Minist\u00e9rio do Turismo, mas os contratos eram de responsabilidade dos gestores da cada pasta municipal. Desta forma, apontou o dedo para a Secretaria do Turismo e negou que a ex-prefeita tenha agido de m\u00e1-f\u00e9.<\/p>\n<p>O juiz Eduardo Jos\u00e9 Fonseca, da 7\u00aa Vara Federal, concluiu no veredito do caso que Vera &#8220;desviou, de forma livre e consciente, rendas p\u00fablicas oriundas do conv\u00eanio com o Minist\u00e9rio do Turismo em proveito da Confedera\u00e7\u00e3o Brasileira de Automobilismo (CBA) e da Vicar Promo\u00e7\u00f5es Desportivas S\/A, de forma ilegal (uma vez que n\u00e3o cabia \u00e0s entidades a execu\u00e7\u00e3o do objeto conveniado, mas sim \u00e0 pr\u00f3pria municipalidade ) e sem regular comprova\u00e7\u00e3o das despesas&#8221;.<\/p>\n<p>Afirmou tamb\u00e9m que a ex-prefeita sabia perfeitamente dos desvios e que \u00e9 o prefeito, n\u00e3o os secret\u00e1rios, quem precisam comprovar a aplica\u00e7\u00e3o de recursos.E apesar da prefeitura ter parcelado a devolu\u00e7\u00e3o do dinheiro desviado em 24 vezes para n\u00e3o correr o risco de perder outros conv\u00eanios federais, o veredito apontou que a restitui\u00e7\u00e3o foi feita com dinheiro p\u00fablico, n\u00e3o com o pessoal da ex-prefeita.<\/p>\n<p>A Stock Car sediou quatro etapas em uma pista de rua em Ribeir\u00e3o Preto, entre 2010 e 2013: \u00c1tila Abreu duas vezes, Daniel Serra e Thiago Camilo venceram as corridas.<\/p>\n<p>Mat\u00e9ria: Grande Pr\u00eamio<\/p>\n","protected":false},"excerpt":{"rendered":"<p>A Justi\u00e7a Federal decidiu nesta ter\u00e7a-feira (24) pela condena\u00e7\u00e3o de D\u00e1rcy Vera (hoje sem partido, mas eleita por DEM-SP e PSD-SP), ex-prefeita de Ribeir\u00e3o Preto a cinco anos em regime semiaberto. Vera foi julgada e condenada pelo desvio de R$ 2,2 milh\u00f5es que haviam sido repassados do Minist\u00e9rio do Turismo para an\u00fancios publicit\u00e1rios no fim &hellip;<\/p>\n","protected":false},"author":3,"featured_media":36928,"comment_status":"open","ping_status":"open","sticky":false,"template":"","format":"standard","meta":{"_exactmetrics_skip_tracking":false,"_exactmetrics_sitenote_active":false,"_exactmetrics_sitenote_note":"","_exactmetrics_sitenote_category":0,"footnotes":""},"categories":[7],"tags":[],"_links":{"self":[{"href":"https:\/\/goiasemtempo.com.br\/home\/wp-json\/wp\/v2\/posts\/36927"}],"collection":[{"href":"https:\/\/goiasemtempo.com.br\/home\/wp-json\/wp\/v2\/posts"}],"about":[{"href":"https:\/\/goiasemtempo.com.br\/home\/wp-json\/wp\/v2\/types\/post"}],"author":[{"embeddable":true,"href":"https:\/\/goiasemtempo.com.br\/home\/wp-json\/wp\/v2\/users\/3"}],"replies":[{"embeddable":true,"href":"https:\/\/goiasemtempo.com.br\/home\/wp-json\/wp\/v2\/comments?post=36927"}],"version-history":[{"count":1,"href":"https:\/\/goiasemtempo.com.br\/home\/wp-json\/wp\/v2\/posts\/36927\/revisions"}],"predecessor-version":[{"id":36929,"href":"https:\/\/goiasemtempo.com.br\/home\/wp-json\/wp\/v2\/posts\/36927\/revisions\/36929"}],"wp:featuredmedia":[{"embeddable":true,"href":"https:\/\/goiasemtempo.com.br\/home\/wp-json\/wp\/v2\/media\/36928"}],"wp:attachment":[{"href":"https:\/\/goiasemtempo.com.br\/home\/wp-json\/wp\/v2\/media?parent=36927"}],"wp:term":[{"taxonomy":"category","embeddable":true,"href":"https:\/\/goiasemtempo.com.br\/home\/wp-json\/wp\/v2\/categories?post=36927"},{"taxonomy":"post_tag","embeddable":true,"href":"https:\/\/goiasemtempo.com.br\/home\/wp-json\/wp\/v2\/tags?post=36927"}],"curies":[{"name":"wp","href":"https:\/\/api.w.org\/{rel}","templated":true}]}}