{"id":36809,"date":"2018-04-21T15:59:09","date_gmt":"2018-04-21T15:59:09","guid":{"rendered":"https:\/\/goiasemtempo.com.br\/home\/?p=36809"},"modified":"2018-04-21T15:59:09","modified_gmt":"2018-04-21T15:59:09","slug":"o-sonho-dele-foi-realizado-diz-maria-estela-kubitschekfilha-de-jk","status":"publish","type":"post","link":"https:\/\/goiasemtempo.com.br\/home\/o-sonho-dele-foi-realizado-diz-maria-estela-kubitschekfilha-de-jk\/","title":{"rendered":"\u201cO sonho dele foi realizado\u201d, diz  Maria Estela Kubitschek,filha de JK"},"content":{"rendered":"<p>Maria Estela Kubitschek, filha do ex-presidente Juscelino,emocionada, busca na mem\u00f3ria de mais de meio s\u00e9culo as lembran\u00e7as sobre a cria\u00e7\u00e3o de Bras\u00edlia. No anivers\u00e1rio de 58 anos da capital federal, ela confidenciou \u00e0 Ag\u00eancia Brasil que n\u00e3o se cont\u00e9m ao ver o sonho do pai realizado: a cidade, idealizada por ele, reunindo pessoas dos mais distintos lugares e que percebem Bras\u00edlia como um local de integra\u00e7\u00e3o.<\/p>\n<p>\u201cO sonho de Juscelino Kubitschek de criar uma comunh\u00e3o entre os brasileiros de v\u00e1rias regi\u00f5es, ra\u00e7as, sotaques, neste pa\u00eds continental, numa verdadeira integra\u00e7\u00e3o nacional, foi realizado\u201d, afirmou Maria Estela que acompanhou a constru\u00e7\u00e3o da cidade ao lado da m\u00e3e Sara e da irm\u00e3, M\u00e1rcia.<\/p>\n<p>Para Maria Estela, JK acreditava que, apesar de ser respons\u00e1vel pela constru\u00e7\u00e3o da nova capital, ele acreditava \u201ctodos eram donos\u201d na cidade.\u201dPercebo este sentimento na popula\u00e7\u00e3o de Bras\u00edlia: \u2018gentes\u2019 de v\u00e1rios estados, mas todos se sentem donos da cidade, e por isso, a maioria n\u00e3o a abandona\u201d.<\/p>\n<p>Para a filha de JK, todos os an\u00f4nimos contribu\u00edram para fazer de Bras\u00edlia o que ela \u00e9 hoje. \u201cCada um teve e muitos ainda t\u00eam uma contribui\u00e7\u00e3o na constru\u00e7\u00e3o de Bras\u00edlia.\u201d<\/p>\n<p><strong>Candangos<\/strong><\/p>\n<div class=\"dnd-widget-wrapper context-cheio_8colunas type-image\">\n<div class=\"dnd-atom-rendered\">\n<figure class=\"mejs-fotoh-wrapper\"><img decoding=\"async\" class=\"img-responsive full full\" title=\"Imagens da constru\u00e7\u00e3o de Bras\u00edlia. Esplanada dos Minist\u00e9rios \/Arquivo P\u00fablico de Bras\u00edlia\/Direitos Reservados\" src=\"http:\/\/imagens.ebc.com.br\/l6InKRj4q2bZjf5km5wNvVf3q-U=\/754x0\/smart\/http:\/\/agenciabrasil.ebc.com.br\/sites\/default\/files\/thumbnails\/image\/arquivo_publico_brasilia_df_2.jpg?itok=w2H1emUj\" alt=\"Imagens da constru\u00e7\u00e3o de Bras\u00edlia. Esplanada dos Minist\u00e9rios \" \/><\/figure>\n<\/div>\n<div class=\"dnd-caption-wrapper\">\n<div class=\"meta\">Imagens da constru\u00e7\u00e3o de Bras\u00edlia. Esplanada dos Minist\u00e9rios &#8211; Arquivo P\u00fablico de Bras\u00edlia\/Direitos Reservados<\/div>\n<div><\/div>\n<\/div>\n<\/div>\n<p>Maria Estela lembra que o pai adorava a companhia dos \u201ccandangos\u201d, trabalhadores que ajudaram a construir a cidade, e escapava sempre que poss\u00edvel para estar com eles.<\/p>\n<p>\u201c\u00c0s noites, JK sentava com os candangos, nos canteiros de obras e cantava com eles. \u00c0s vezes, ele chegava t\u00e3o \u00e0 vontade que muitos se perguntavam se era realmente o presidente que estava ali\u201d, contou Maria Estela.<\/p>\n<p>Avesso a conven\u00e7\u00f5es, Maria Estela disse que o pai resistiu \u00e0 ideia de Bras\u00edlia\u00a0ter\u00a0uma pedra fundamental. No lugar da pedra, plantou uma cruz e chamou o arcebispo Dom\u00a0Carlos Carmelo de Vasconcelos Motta, de S\u00e3o Paulo, para celebrar um ato ecum\u00eanico. O arcebispo trouxe uma imagem de Nossa Senhora Aparecida que est\u00e1 na Catedral de Bras\u00edlia. \u201cFoi com a primeira missa, assim como no descobrimento, que nasceu Bras\u00edlia\u201d, relatou.<\/p>\n<p><strong>O avi\u00e3o que virou cidade<\/strong><\/p>\n<p>O Plano Piloto, cora\u00e7\u00e3o de Bras\u00edlia, nasceu de um concurso para selecionar o melhor entre 41 projetos. O arquiteto L\u00facio Costa foi o vencedor. Ele pensou Bras\u00edlia em forma de avi\u00e3o com amplas asas e um corpo extenso. Assim, na capital n\u00e3o h\u00e1 nomes de ruas nem bairros, s\u00e3o n\u00fameros siglas e duas refer\u00eancias: Asa Norte e Asa Sul.<\/p>\n<p><em>*Colaborou Paula Barros, da TV Brasil no Rio\u00a0de Janeiro.<\/em><\/p>\n<div class=\"edicao\">Edi\u00e7\u00e3o:\u00a0<span class=\"txtGeral\">Amanda Cieglinski<\/span><\/div>\n","protected":false},"excerpt":{"rendered":"<p>Maria Estela Kubitschek, filha do ex-presidente Juscelino,emocionada, busca na mem\u00f3ria de mais de meio s\u00e9culo as lembran\u00e7as sobre a cria\u00e7\u00e3o de Bras\u00edlia. No anivers\u00e1rio de 58 anos da capital federal, ela confidenciou \u00e0 Ag\u00eancia Brasil que n\u00e3o se cont\u00e9m ao ver o sonho do pai realizado: a cidade, idealizada por ele, reunindo pessoas dos mais &hellip;<\/p>\n","protected":false},"author":3,"featured_media":36810,"comment_status":"open","ping_status":"open","sticky":false,"template":"","format":"standard","meta":{"_exactmetrics_skip_tracking":false,"_exactmetrics_sitenote_active":false,"_exactmetrics_sitenote_note":"","_exactmetrics_sitenote_category":0,"footnotes":""},"categories":[19],"tags":[],"_links":{"self":[{"href":"https:\/\/goiasemtempo.com.br\/home\/wp-json\/wp\/v2\/posts\/36809"}],"collection":[{"href":"https:\/\/goiasemtempo.com.br\/home\/wp-json\/wp\/v2\/posts"}],"about":[{"href":"https:\/\/goiasemtempo.com.br\/home\/wp-json\/wp\/v2\/types\/post"}],"author":[{"embeddable":true,"href":"https:\/\/goiasemtempo.com.br\/home\/wp-json\/wp\/v2\/users\/3"}],"replies":[{"embeddable":true,"href":"https:\/\/goiasemtempo.com.br\/home\/wp-json\/wp\/v2\/comments?post=36809"}],"version-history":[{"count":1,"href":"https:\/\/goiasemtempo.com.br\/home\/wp-json\/wp\/v2\/posts\/36809\/revisions"}],"predecessor-version":[{"id":36811,"href":"https:\/\/goiasemtempo.com.br\/home\/wp-json\/wp\/v2\/posts\/36809\/revisions\/36811"}],"wp:featuredmedia":[{"embeddable":true,"href":"https:\/\/goiasemtempo.com.br\/home\/wp-json\/wp\/v2\/media\/36810"}],"wp:attachment":[{"href":"https:\/\/goiasemtempo.com.br\/home\/wp-json\/wp\/v2\/media?parent=36809"}],"wp:term":[{"taxonomy":"category","embeddable":true,"href":"https:\/\/goiasemtempo.com.br\/home\/wp-json\/wp\/v2\/categories?post=36809"},{"taxonomy":"post_tag","embeddable":true,"href":"https:\/\/goiasemtempo.com.br\/home\/wp-json\/wp\/v2\/tags?post=36809"}],"curies":[{"name":"wp","href":"https:\/\/api.w.org\/{rel}","templated":true}]}}