{"id":3676,"date":"2017-12-24T13:13:18","date_gmt":"2017-12-24T13:13:18","guid":{"rendered":"http:\/\/goiasemtempo.com.br\/home\/?p=3676"},"modified":"2017-12-24T13:13:18","modified_gmt":"2017-12-24T13:13:18","slug":"presidente-catalao-exige-saida-de-policiais-deslocados-para-a-catalunha","status":"publish","type":"post","link":"https:\/\/goiasemtempo.com.br\/home\/presidente-catalao-exige-saida-de-policiais-deslocados-para-a-catalunha\/","title":{"rendered":"Presidente catal\u00e3o exige sa\u00edda de policiais deslocados para a Catalunha"},"content":{"rendered":"<p>Hoje (3), a Catalunha est\u00e1 em greve geral em protesto pela violenta a\u00e7\u00e3o policial de repress\u00e3o durante o referendo do \u00faltimo domingo (1\u00ba). Carles Puigdemont, presidente catal\u00e3o, exigiu a remo\u00e7\u00e3o dos cerca de 10 mil policiais deslocados para a regi\u00e3o. Ap\u00f3s protestos, policiais tiveram que deixar hot\u00e9is onde estavam hospedados.<\/p>\n<p>De acordo com o per\u00edodico espanhol El Pa\u00eds, em pelo menos 3 cidades catal\u00e3s os agentes da Pol\u00edcia Nacional e da Guarda Civil foram for\u00e7ados a abandonar hoje os hot\u00e9is em que estavam hospedados por conta de protestos dos independentistas. Gritos, insultos e vaias impediam o descanso dos agentes.<\/p>\n<p>O Minist\u00e9rio P\u00fablico abriu processo para investigar as poss\u00edveis coa\u00e7\u00f5es, amea\u00e7as e delitos de \u00f3dio contra os agentes. Por outro lado, o governo catal\u00e3o informou que criar\u00e1 uma comiss\u00e3o especial de investiga\u00e7\u00e3o das viola\u00e7\u00f5es dos direitos fundamentais que ocorreram na Catalunha.<\/p>\n<p>Com esta comiss\u00e3o, explicou Puigdemont, o governo quer coletar toda a informa\u00e7\u00e3o sobre os atos violentos que deixaram 893 pessoas feridas. \u201cA comiss\u00e3o ser\u00e1 criada para acompanhar e reconhecer as v\u00edtimas da brutalidade policial. S\u00e3o cidad\u00e3os da Catalunha, cidad\u00e3os europeus, protegidos pela Carta dos Direitos Fundamentais da Uni\u00e3o Europeia\u201d.<\/p>\n<p>Puigdemont explicou que a comiss\u00e3o ser\u00e1 composta por especialistas de fora do governo e membros da equipe jur\u00eddica da Generalitat (governo catal\u00e3o), e que o governo ser\u00e1 cobrado como um processo privado e fornecer\u00e1 toda a cobertura necess\u00e1ria.<\/p>\n<p>No perfil do governo catal\u00e3o no Twitter, Puigdemont declarou que a Catalunha \u00e9 um pa\u00eds pac\u00edfico. \u201cHoje \u00e9 um dia de protesto democr\u00e1tico, c\u00edvico e digno. N\u00e3o se deixem chatear por provoca\u00e7\u00f5es. O mundo viu: somos pessoas pac\u00edficas\u201d.<\/p>\n<p>Ontem, em coletiva de imprensa, Puigdemont declarou que todos dizem que a viol\u00eancia n\u00e3o \u00e9 o caminho. Eu ouvi isso dos governos da Uni\u00e3o Europ\u00e9ia, menos do espanhol\u201d, em tom de cr\u00edtica ao posicionamento do governo central.<\/p>\n","protected":false},"excerpt":{"rendered":"<p>Hoje (3), a Catalunha est\u00e1 em greve geral em protesto pela violenta a\u00e7\u00e3o policial de repress\u00e3o durante o referendo do \u00faltimo domingo (1\u00ba). Carles Puigdemont, presidente catal\u00e3o, exigiu a remo\u00e7\u00e3o dos cerca de 10 mil policiais deslocados para a regi\u00e3o. Ap\u00f3s protestos, policiais tiveram que deixar hot\u00e9is onde estavam hospedados. De acordo com o per\u00edodico &hellip;<\/p>\n","protected":false},"author":2,"featured_media":1224,"comment_status":"open","ping_status":"open","sticky":false,"template":"","format":"standard","meta":{"_exactmetrics_skip_tracking":false,"_exactmetrics_sitenote_active":false,"_exactmetrics_sitenote_note":"","_exactmetrics_sitenote_category":0,"footnotes":""},"categories":[4],"tags":[],"_links":{"self":[{"href":"https:\/\/goiasemtempo.com.br\/home\/wp-json\/wp\/v2\/posts\/3676"}],"collection":[{"href":"https:\/\/goiasemtempo.com.br\/home\/wp-json\/wp\/v2\/posts"}],"about":[{"href":"https:\/\/goiasemtempo.com.br\/home\/wp-json\/wp\/v2\/types\/post"}],"author":[{"embeddable":true,"href":"https:\/\/goiasemtempo.com.br\/home\/wp-json\/wp\/v2\/users\/2"}],"replies":[{"embeddable":true,"href":"https:\/\/goiasemtempo.com.br\/home\/wp-json\/wp\/v2\/comments?post=3676"}],"version-history":[{"count":1,"href":"https:\/\/goiasemtempo.com.br\/home\/wp-json\/wp\/v2\/posts\/3676\/revisions"}],"predecessor-version":[{"id":3677,"href":"https:\/\/goiasemtempo.com.br\/home\/wp-json\/wp\/v2\/posts\/3676\/revisions\/3677"}],"wp:featuredmedia":[{"embeddable":true,"href":"https:\/\/goiasemtempo.com.br\/home\/wp-json\/wp\/v2\/media\/1224"}],"wp:attachment":[{"href":"https:\/\/goiasemtempo.com.br\/home\/wp-json\/wp\/v2\/media?parent=3676"}],"wp:term":[{"taxonomy":"category","embeddable":true,"href":"https:\/\/goiasemtempo.com.br\/home\/wp-json\/wp\/v2\/categories?post=3676"},{"taxonomy":"post_tag","embeddable":true,"href":"https:\/\/goiasemtempo.com.br\/home\/wp-json\/wp\/v2\/tags?post=3676"}],"curies":[{"name":"wp","href":"https:\/\/api.w.org\/{rel}","templated":true}]}}