{"id":36326,"date":"2018-04-13T19:18:55","date_gmt":"2018-04-13T19:18:55","guid":{"rendered":"https:\/\/goiasemtempo.com.br\/home\/?p=36326"},"modified":"2018-04-13T19:18:55","modified_gmt":"2018-04-13T19:18:55","slug":"roraima-quer-fechar-provisoriamente-fronteira-com-venezuela-ate-haver-controle-melhor","status":"publish","type":"post","link":"https:\/\/goiasemtempo.com.br\/home\/roraima-quer-fechar-provisoriamente-fronteira-com-venezuela-ate-haver-controle-melhor\/","title":{"rendered":"Roraima quer fechar provisoriamente fronteira com Venezuela at\u00e9 haver controle melhor"},"content":{"rendered":"<p>O Estado de Roraima vai entrar no Supremo Tribunal Federal (STF) com uma a\u00e7\u00e3o para que\u00a0 obrigue a Uni\u00e3o a fortalecer a fiscaliza\u00e7\u00e3o na fronteira com a Venezuela em seguran\u00e7a, sa\u00fade e vigil\u00e2ncia sanit\u00e1ria, pedindo que a fronteira seja fechada temporariamente at\u00e9 que isso seja implementado.<\/p>\n<p>Na a\u00e7\u00e3o no STF, Roraima pede ainda a viabiliza\u00e7\u00e3o de recursos adicionais para o Estado lidar com a atual demanda de servi\u00e7os p\u00fablicos, inflada pelo grande n\u00famero de imigrantes venezuelanos, ou a limita\u00e7\u00e3o da quantidade de refugiados a um n\u00famero compat\u00edvel com a capacidade operacional do pa\u00eds.<\/p>\n<p>Para a governadora Suely Campos (PP-RR), a atitude \u00e9 um \u00faltimo &#8220;suspiro&#8221; de Roraima nas negocia\u00e7\u00f5es com o governo federal. Segundo ela, sete projetos, que significariam cerca de 100 milh\u00f5es em recursos para o Estado, j\u00e1 foram protocolados em diversos minist\u00e9rios, como o da Defesa e o da Seguran\u00e7a P\u00fablica e para ela n\u00e3o h\u00e1 nenhuma a\u00e7\u00e3o sendo tomada celeremente.<\/p>\n<p>&#8220;O Estado est\u00e1 j\u00e1 impactado, ele est\u00e1 sobrecarregado. Como \u00e9 que o menor Estado da Federa\u00e7\u00e3o, n\u00f3s temos 520 mil habitantes, de repente n\u00f3s temos um acr\u00e9scimo de 10 por cento da nossa popula\u00e7\u00e3o&#8221;, disse, em entrevista coletiva nesta sexta-feira, em Bras\u00edlia.<\/p>\n<p>Para ela, falta na fronteira um controle maior sobre quem entra no pa\u00eds por parte do governo federal.<\/p>\n<p>&#8220;Exigir o cart\u00e3o de vacina\u00e7\u00e3o, exigir antecedentes criminais, documenta\u00e7\u00e3o, inspe\u00e7\u00e3o de ve\u00edculos, de pessoas, temos que ter uma medida de conter esse fluxo.&#8221;<\/p>\n<p>Roraima vive uma grave crise migrat\u00f3ria e humanit\u00e1ria, com a entrada di\u00e1ria de 500 a 700 venezuelanos, segundo a governadora, que saem de seu pa\u00eds, que vive profunda crise.<\/p>\n<p>Em fevereiro, o governo federal editou uma medida provis\u00f3ria para declarar situa\u00e7\u00e3o de emerg\u00eancia social em Roraima por conta da situa\u00e7\u00e3o dos refugiados venezuelanos. \u00c0 \u00e9poca, o objetivo era aumentar recursos e efetivos das for\u00e7as civis e militares para controlar e entrada de novos imigrantes.<\/p>\n<p>(Por Mateus Maia)<\/p>\n<p>Ag\u00eancia de Not\u00edcias<\/p>\n","protected":false},"excerpt":{"rendered":"<p>O Estado de Roraima vai entrar no Supremo Tribunal Federal (STF) com uma a\u00e7\u00e3o para que\u00a0 obrigue a Uni\u00e3o a fortalecer a fiscaliza\u00e7\u00e3o na fronteira com a Venezuela em seguran\u00e7a, sa\u00fade e vigil\u00e2ncia sanit\u00e1ria, pedindo que a fronteira seja fechada temporariamente at\u00e9 que isso seja implementado. Na a\u00e7\u00e3o no STF, Roraima pede ainda a viabiliza\u00e7\u00e3o &hellip;<\/p>\n","protected":false},"author":3,"featured_media":36327,"comment_status":"open","ping_status":"open","sticky":false,"template":"","format":"standard","meta":{"footnotes":""},"categories":[4],"tags":[],"class_list":["post-36326","post","type-post","status-publish","format-standard","has-post-thumbnail","hentry","category-ultimas-noticias"],"_links":{"self":[{"href":"https:\/\/goiasemtempo.com.br\/home\/wp-json\/wp\/v2\/posts\/36326","targetHints":{"allow":["GET"]}}],"collection":[{"href":"https:\/\/goiasemtempo.com.br\/home\/wp-json\/wp\/v2\/posts"}],"about":[{"href":"https:\/\/goiasemtempo.com.br\/home\/wp-json\/wp\/v2\/types\/post"}],"author":[{"embeddable":true,"href":"https:\/\/goiasemtempo.com.br\/home\/wp-json\/wp\/v2\/users\/3"}],"replies":[{"embeddable":true,"href":"https:\/\/goiasemtempo.com.br\/home\/wp-json\/wp\/v2\/comments?post=36326"}],"version-history":[{"count":1,"href":"https:\/\/goiasemtempo.com.br\/home\/wp-json\/wp\/v2\/posts\/36326\/revisions"}],"predecessor-version":[{"id":36328,"href":"https:\/\/goiasemtempo.com.br\/home\/wp-json\/wp\/v2\/posts\/36326\/revisions\/36328"}],"wp:featuredmedia":[{"embeddable":true,"href":"https:\/\/goiasemtempo.com.br\/home\/wp-json\/wp\/v2\/media\/36327"}],"wp:attachment":[{"href":"https:\/\/goiasemtempo.com.br\/home\/wp-json\/wp\/v2\/media?parent=36326"}],"wp:term":[{"taxonomy":"category","embeddable":true,"href":"https:\/\/goiasemtempo.com.br\/home\/wp-json\/wp\/v2\/categories?post=36326"},{"taxonomy":"post_tag","embeddable":true,"href":"https:\/\/goiasemtempo.com.br\/home\/wp-json\/wp\/v2\/tags?post=36326"}],"curies":[{"name":"wp","href":"https:\/\/api.w.org\/{rel}","templated":true}]}}