{"id":3632,"date":"2017-12-24T12:57:59","date_gmt":"2017-12-24T12:57:59","guid":{"rendered":"http:\/\/goiasemtempo.com.br\/home\/?p=3632"},"modified":"2017-12-24T12:57:59","modified_gmt":"2017-12-24T12:57:59","slug":"tite-faz-tres-mudancas-na-selecao-para-jogo-com-a-bolivia","status":"publish","type":"post","link":"https:\/\/goiasemtempo.com.br\/home\/tite-faz-tres-mudancas-na-selecao-para-jogo-com-a-bolivia\/","title":{"rendered":"Tite faz tr\u00eas mudan\u00e7as na sele\u00e7\u00e3o para jogo com a Bol\u00edvia"},"content":{"rendered":"<p>O t\u00e9cnico Tite anunciou tr\u00eas altera\u00e7\u00f5es na sele\u00e7\u00e3o brasileira que enfrentar\u00e1 a Bol\u00edvia nesta quinta-feira, em La Paz, pelas eliminat\u00f3rias da Copa do Mundo, em rela\u00e7\u00e3o ao time que jogou contra o Equador: o lateral-esquerdo Alex Sandro, o zagueiro Tiago Silva e o meia-atacante Filipe Coutinho tiveram escala\u00e7\u00e3o confirmada pelo treinador, ap\u00f3s o treino desta ter\u00e7a-feira, na Granja Comari, em Teres\u00f3polis. Alex Sandro jogar\u00e1 na vaga de Marcelo, contundido, assim como seu reserva, Filipe Lu\u00eds; Tiago entra no lugar de Marquinhos, e Coutinho ocupa a vaga de William.<\/p>\n<p>Assim, a equipe brasileira dever\u00e1 come\u00e7ar a partida contra os bolivianos com Alisson, Daniel Alves, Tiago Silva, Miranda e Alex Sandro; Casemiro, Renato Augusto, Paulinho e Filipe Coutinho; Neymar e Gabriel Jesus. Para o \u00faltimo jogo das eliminat\u00f3rias, em S\u00e3o Paulo, contra o Chile, na pr\u00f3xima ter\u00e7a-feira, o goleiro Ederson entrar\u00e1 no lugar de Alisson, segundo informou Tite durante entrevista coletiva. O t\u00e9cnico n\u00e3o convocou substituto para o meia Diego, do Flamengo, cortado da sele\u00e7\u00e3o nesta ter\u00e7a-feira, devido a uma les\u00e3o que lhe causava dores na coxa.<\/p>\n<p>Sobre os efeitos da altitude de La Paz nos jogadores brasileiros, Tite admitiu que haver\u00e1 dificuldades, mas usar\u00e1 algumas t\u00e1ticas para tentar neutralizar o problema. Uma delas \u00e9 a posse de bola e as outras ele preferiu manter em segredo. A sele\u00e7\u00e3o brasileira j\u00e1 est\u00e1 classificada para a Copa do Mundo da R\u00fassia e lidera as eliminat\u00f3rias sul-americanas, com 37 pontos ganhos. A Bol\u00edvia, com 13 pontos e em nono lugar, n\u00e3o tem mais chances de ir ao mundial. Outras tr\u00eas vagas est\u00e3o sendo disputadas por Uruguai, Col\u00f4mbia, Peru, Argentina, Chile e Paraguai. Nesta quinta-feira, jogam tamb\u00e9m Col\u00f4mbia x Paraguai, Chile x Equador, Argentina x Peru e Venezuela x Uruguai.<\/p>\n","protected":false},"excerpt":{"rendered":"<p>O t\u00e9cnico Tite anunciou tr\u00eas altera\u00e7\u00f5es na sele\u00e7\u00e3o brasileira que enfrentar\u00e1 a Bol\u00edvia nesta quinta-feira, em La Paz, pelas eliminat\u00f3rias da Copa do Mundo, em rela\u00e7\u00e3o ao time que jogou contra o Equador: o lateral-esquerdo Alex Sandro, o zagueiro Tiago Silva e o meia-atacante Filipe Coutinho tiveram escala\u00e7\u00e3o confirmada pelo treinador, ap\u00f3s o treino desta &hellip;<\/p>\n","protected":false},"author":2,"featured_media":1202,"comment_status":"open","ping_status":"open","sticky":false,"template":"","format":"standard","meta":{"_exactmetrics_skip_tracking":false,"_exactmetrics_sitenote_active":false,"_exactmetrics_sitenote_note":"","_exactmetrics_sitenote_category":0,"footnotes":""},"categories":[4],"tags":[],"_links":{"self":[{"href":"https:\/\/goiasemtempo.com.br\/home\/wp-json\/wp\/v2\/posts\/3632"}],"collection":[{"href":"https:\/\/goiasemtempo.com.br\/home\/wp-json\/wp\/v2\/posts"}],"about":[{"href":"https:\/\/goiasemtempo.com.br\/home\/wp-json\/wp\/v2\/types\/post"}],"author":[{"embeddable":true,"href":"https:\/\/goiasemtempo.com.br\/home\/wp-json\/wp\/v2\/users\/2"}],"replies":[{"embeddable":true,"href":"https:\/\/goiasemtempo.com.br\/home\/wp-json\/wp\/v2\/comments?post=3632"}],"version-history":[{"count":1,"href":"https:\/\/goiasemtempo.com.br\/home\/wp-json\/wp\/v2\/posts\/3632\/revisions"}],"predecessor-version":[{"id":3633,"href":"https:\/\/goiasemtempo.com.br\/home\/wp-json\/wp\/v2\/posts\/3632\/revisions\/3633"}],"wp:featuredmedia":[{"embeddable":true,"href":"https:\/\/goiasemtempo.com.br\/home\/wp-json\/wp\/v2\/media\/1202"}],"wp:attachment":[{"href":"https:\/\/goiasemtempo.com.br\/home\/wp-json\/wp\/v2\/media?parent=3632"}],"wp:term":[{"taxonomy":"category","embeddable":true,"href":"https:\/\/goiasemtempo.com.br\/home\/wp-json\/wp\/v2\/categories?post=3632"},{"taxonomy":"post_tag","embeddable":true,"href":"https:\/\/goiasemtempo.com.br\/home\/wp-json\/wp\/v2\/tags?post=3632"}],"curies":[{"name":"wp","href":"https:\/\/api.w.org\/{rel}","templated":true}]}}