{"id":3602,"date":"2017-12-24T12:47:29","date_gmt":"2017-12-24T12:47:29","guid":{"rendered":"http:\/\/goiasemtempo.com.br\/home\/?p=3602"},"modified":"2017-12-24T12:47:29","modified_gmt":"2017-12-24T12:47:29","slug":"bonifacio-de-andrada-do-psdb-e-escolhido-relator-de-denuncia-contra-temer","status":"publish","type":"post","link":"https:\/\/goiasemtempo.com.br\/home\/bonifacio-de-andrada-do-psdb-e-escolhido-relator-de-denuncia-contra-temer\/","title":{"rendered":"Bonif\u00e1cio de Andrada, do PSDB, \u00e9 escolhido relator de den\u00fancia contra Temer"},"content":{"rendered":"<p>O deputado Bonif\u00e1cio de Andrada (PSDB-MG) \u00e9 escolhido relator da den\u00fancia contra o presidente Michel Temer e os ministros Moreira Franco, da Secretaria-Geral da Presid\u00eancia, e Eliseu Padilha, Casa Civil, na Comiss\u00e3o de Constritui\u00e7\u00e3o e Justi\u00e7a (CCJ) da C\u00e2mara dos Deputados. O an\u00fancio do nome do deputado, que \u00e9 decano do Congresso Nacional, foi feito pelo presidente da comiss\u00e3o, Rodrigo Pacheco (PMDB-MG).<\/p>\n<p>Tem todas as condi\u00e7\u00f5es, bom jurista que \u00e9, professor de Direito Constitucional, de fazer um trabalho s\u00e9rio, disse Pacheco. Andrada est\u00e1 na 10\u00aa legislatura como deputado federal, j\u00e1 presidiu a CCJ e foi membro da Constituinte. Andrada tem 87 anos, \u00e9 advogado, professor de direito constitucional e cientista pol\u00edtico.<\/p>\n<p>\u201cTemos muita convic\u00e7\u00e3o de que \u00e9 um nome que preserva a Comiss\u00e3o de Constitui\u00e7\u00e3o e Justi\u00e7a, que d\u00e1 o tom necess\u00e1rio que n\u00f3s precis\u00e1vamos para a necessidade de demonstra\u00e7\u00e3o de imparcialidade e seriedade para a condu\u00e7\u00e3o desse trabalho\u201d, avaliou Pacheco. \u201cBonif\u00e1cio de Andrada est\u00e1 muito acima de quest\u00f5es partid\u00e1rias e tem plenas condi\u00e7\u00f5es de resolver internamente no partido qualquer dificuldade que haja com rela\u00e7\u00e3o a isso [relatoria]\u201d, continuou.<\/p>\n<p>A indica\u00e7\u00e3o de Bonif\u00e1cio agradou a maioria dos parlamentares. Para o l\u00edder do DEM, deputado Efraim Filho (PB), a relatoria deve ser marcada pela isen\u00e7\u00e3o. \u201cEle representa idoneidade e not\u00f3rio saber jur\u00eddico. A isen\u00e7\u00e3o que lhe \u00e9 peculiar em toda a carreira pol\u00edtica ser\u00e1 necess\u00e1ria nesse momento. N\u00e3o tenho d\u00favida de que o Bonif\u00e1cio dever\u00e1 fazer um relat\u00f3rio baseado na lei, nos fatos e nas provas\u201d, disse Efraim.<\/p>\n<p>O deputado Beto Mansur (PRB-SP), um dos principais articuladores da base governista, avaliou a decis\u00e3o como normal e ressaltou o conhecimento jur\u00eddico de Andrada. \u201cO governo logicamente quer algu\u00e9m que tenha capacidade t\u00e9cnica pra fazer um relat\u00f3rio em cima de uma den\u00fancia que \u00e9 in\u00f3cua\u201d, declarou.<\/p>\n<p>J\u00e1 o deputado Chico Alencar (PSOL-RJ) afirmou que v\u00ea a indica\u00e7\u00e3o com muita preocupa\u00e7\u00e3o, pois considera que o relator j\u00e1 apresentou uma posi\u00e7\u00e3o conservadora na vota\u00e7\u00e3o da primeira den\u00fancia e em outras situa\u00e7\u00f5es.<\/p>\n<p>\u201cA manifesta\u00e7\u00e3o do deputado Bonif\u00e1cio em rela\u00e7\u00e3o \u00e0 den\u00fancia n\u00famero um, quando ele declarou seu voto contra o prosseguimento, disse: \u2018pelas institui\u00e7\u00f5es e pelo progresso do Brasil\u2019. Ora, no nosso modo de entender, essas den\u00fancias mostram como as institui\u00e7\u00f5es est\u00e3o apodrecidas pela corrup\u00e7\u00e3o, est\u00e3o colapsando em raz\u00e3o de procedimentos que precisam sim ser fortemente investigados e apurados. E o progresso do Brasil \u00e9 exatamente superar essa quadra de tanto derretimento da vida institucional\u201d, declarou Alencar.<\/p>\n","protected":false},"excerpt":{"rendered":"<p>O deputado Bonif\u00e1cio de Andrada (PSDB-MG) \u00e9 escolhido relator da den\u00fancia contra o presidente Michel Temer e os ministros Moreira Franco, da Secretaria-Geral da Presid\u00eancia, e Eliseu Padilha, Casa Civil, na Comiss\u00e3o de Constritui\u00e7\u00e3o e Justi\u00e7a (CCJ) da C\u00e2mara dos Deputados. O an\u00fancio do nome do deputado, que \u00e9 decano do Congresso Nacional, foi feito &hellip;<\/p>\n","protected":false},"author":2,"featured_media":1187,"comment_status":"open","ping_status":"open","sticky":false,"template":"","format":"standard","meta":{"footnotes":""},"categories":[4],"tags":[],"class_list":["post-3602","post","type-post","status-publish","format-standard","has-post-thumbnail","hentry","category-ultimas-noticias"],"_links":{"self":[{"href":"https:\/\/goiasemtempo.com.br\/home\/wp-json\/wp\/v2\/posts\/3602","targetHints":{"allow":["GET"]}}],"collection":[{"href":"https:\/\/goiasemtempo.com.br\/home\/wp-json\/wp\/v2\/posts"}],"about":[{"href":"https:\/\/goiasemtempo.com.br\/home\/wp-json\/wp\/v2\/types\/post"}],"author":[{"embeddable":true,"href":"https:\/\/goiasemtempo.com.br\/home\/wp-json\/wp\/v2\/users\/2"}],"replies":[{"embeddable":true,"href":"https:\/\/goiasemtempo.com.br\/home\/wp-json\/wp\/v2\/comments?post=3602"}],"version-history":[{"count":1,"href":"https:\/\/goiasemtempo.com.br\/home\/wp-json\/wp\/v2\/posts\/3602\/revisions"}],"predecessor-version":[{"id":3603,"href":"https:\/\/goiasemtempo.com.br\/home\/wp-json\/wp\/v2\/posts\/3602\/revisions\/3603"}],"wp:featuredmedia":[{"embeddable":true,"href":"https:\/\/goiasemtempo.com.br\/home\/wp-json\/wp\/v2\/media\/1187"}],"wp:attachment":[{"href":"https:\/\/goiasemtempo.com.br\/home\/wp-json\/wp\/v2\/media?parent=3602"}],"wp:term":[{"taxonomy":"category","embeddable":true,"href":"https:\/\/goiasemtempo.com.br\/home\/wp-json\/wp\/v2\/categories?post=3602"},{"taxonomy":"post_tag","embeddable":true,"href":"https:\/\/goiasemtempo.com.br\/home\/wp-json\/wp\/v2\/tags?post=3602"}],"curies":[{"name":"wp","href":"https:\/\/api.w.org\/{rel}","templated":true}]}}