{"id":35984,"date":"2018-04-13T12:30:55","date_gmt":"2018-04-13T12:30:55","guid":{"rendered":"https:\/\/goiasemtempo.com.br\/home\/?p=35984"},"modified":"2018-04-17T21:49:19","modified_gmt":"2018-04-17T21:49:19","slug":"vacinacao-comeca-nesta-sexta-feira-nas-unidades-de-saude-de-anapolis","status":"publish","type":"post","link":"https:\/\/goiasemtempo.com.br\/home\/vacinacao-comeca-nesta-sexta-feira-nas-unidades-de-saude-de-anapolis\/","title":{"rendered":"Vacina\u00e7\u00e3o come\u00e7a nesta sexta-feira nas unidades de sa\u00fade de An\u00e1polis"},"content":{"rendered":"<p>Come\u00e7a nesta sexta-feira, 13, a campanha de vacina\u00e7\u00e3o contra a gripe H1N1 na rede municipal de sa\u00fade. Idosos, trabalhadores da sa\u00fade e pessoas com doen\u00e7as card\u00edacas e respirat\u00f3rias graves integram o primeiro grupo a receber a vacina (confira, abaixo, as datas em que cada grupo priorit\u00e1rio vai se vacinar e os locais). \u00a0Em Goi\u00e1s a imuniza\u00e7\u00e3o come\u00e7a dez dias antes dos outros estados porque foram registradas oito mortes em decorr\u00eancia da doen\u00e7a.<\/p>\n<p>Por\u00e9m, em An\u00e1polis a situa\u00e7\u00e3o \u00e9 diferente. At\u00e9 o dia 10 deste m\u00eas foram constatados tr\u00eas casos \u2013 dois evolu\u00edram para cura e um para \u00f3bito \u2013 e todos os outros sob investiga\u00e7\u00e3o se configuram S\u00edndrome Respirat\u00f3ria Aguda Grave.<\/p>\n<p>Esses n\u00fameros, afirma o coordenador da Vigil\u00e2ncia em Sa\u00fade do munic\u00edpio, J\u00falio C\u00e9sar Esp\u00edndola, comprovam que n\u00e3o h\u00e1 motivo para que as pessoas entrem em p\u00e2nico. \u201cN\u00e3o estamos vivendo uma epidemia, mas a ocorr\u00eancia antecipada da doen\u00e7a, o que nos d\u00e1 um sinal de alerta para refor\u00e7ar alguns cuidados b\u00e1sicos\u201d, afirma Esp\u00edndola. A Campanha de Vacina\u00e7\u00e3o contra Influenza 2018 acontece entre os dias 13 de abril e 1\u00ba de junho.<\/p>\n<p>O coordenador de Vigil\u00e2ncia em Sa\u00fade explica que a infec\u00e7\u00e3o pelo v\u00edrus H1N1 \u00e9 comum entre os meses de maio e julho, mas neste ano, por algum motivo ainda n\u00e3o identificado, houve uma antecipa\u00e7\u00e3o. Ele orienta a tomar medidas de precau\u00e7\u00e3o como evitar levar crian\u00e7as pequenas, gestantes ou idosos a locais onde h\u00e1 aglomera\u00e7\u00f5es; lavar sempre as m\u00e3os com \u00e1gua e sab\u00e3o ao voltar da rua ou sempre que tiver contato com muitas pessoas; usar len\u00e7os de papel ao tossir e espirrar; e, diante de qualquer sinal de alarme como febre alta, falta de ar e dor no corpo procurar, imediatamente, aux\u00edlio m\u00e9dico.<\/p>\n<p><strong>Sintomas da Influenza\/H1N1<\/strong><\/p>\n<p>A febre \u00e9 a manifesta\u00e7\u00e3o mais importante e dura em torno de tr\u00eas dias. Sintomas respirat\u00f3rios, como a tosse, dores musculares, de garganta e de cabe\u00e7a, calafrio, fraqueza, espirros e coriza tornam-se mais evidentes com o avan\u00e7o da doen\u00e7a e mant\u00eam-se em geral por tr\u00eas a quatro dias ap\u00f3s o desaparecimento da febre. Podem aparecer ainda sintomas como: pele quente e \u00famida, olhos avermelhados e lacrimejantes. As crian\u00e7as podem apresentar aumento de linfonodos cervicais (g\u00e2nglios no pesco\u00e7o), diarreia e v\u00f4mitos.<\/p>\n<p><strong>Grupo de risco<\/strong><\/p>\n<p>Alguns pacientes apresentam um risco maior de complica\u00e7\u00f5es ap\u00f3s infec\u00e7\u00e3o pelo v\u00edrus H1N1:<\/p>\n<p>\u2022\u00a0\u00a0\u00a0\u00a0\u00a0\u00a0\u00a0\u00a0 Portadores de doen\u00e7as pulmonares cr\u00f4nicas (asma, por exemplo)<\/p>\n<p>\u2022\u00a0\u00a0\u00a0\u00a0\u00a0\u00a0\u00a0\u00a0 Cardiopatas<\/p>\n<p>\u2022\u00a0\u00a0\u00a0\u00a0\u00a0\u00a0\u00a0\u00a0 Portadores de doen\u00e7as metab\u00f3licas cr\u00f4nicas, como a diabetes<\/p>\n<p>\u2022\u00a0\u00a0\u00a0\u00a0\u00a0\u00a0\u00a0\u00a0 Imunodeficientes ou portadores de imunodepress\u00e3o<\/p>\n<p>\u2022\u00a0\u00a0\u00a0\u00a0\u00a0\u00a0\u00a0\u00a0 Crian\u00e7as com menos de cinco anos<\/p>\n<p>\u2022\u00a0\u00a0\u00a0\u00a0\u00a0\u00a0\u00a0\u00a0 Gr\u00e1vidas ou mulheres no per\u00edodo p\u00f3s-parto<\/p>\n<p>\u2022\u00a0\u00a0\u00a0\u00a0\u00a0\u00a0\u00a0\u00a0 Adultos com mais de 60 anos<\/p>\n<p>\u2022\u00a0\u00a0\u00a0\u00a0\u00a0\u00a0\u00a0\u00a0 Pacientes debilitados<\/p>\n<p>\u2022\u00a0\u00a0\u00a0\u00a0\u00a0\u00a0\u00a0\u00a0 Portadores de doen\u00e7as renais ou hemoglobinopatia<\/p>\n<p><img decoding=\"async\" src=\"http:\/\/www.anapolis.go.gov.br\/portal\/arquivos\/images\/h1n1.jpg\" \/><\/p>\n","protected":false},"excerpt":{"rendered":"<p>Come\u00e7a nesta sexta-feira, 13, a campanha de vacina\u00e7\u00e3o contra a gripe H1N1 na rede municipal de sa\u00fade. Idosos, trabalhadores da sa\u00fade e pessoas com doen\u00e7as card\u00edacas e respirat\u00f3rias graves integram o primeiro grupo a receber a vacina (confira, abaixo, as datas em que cada grupo priorit\u00e1rio vai se vacinar e os locais). \u00a0Em Goi\u00e1s a &hellip;<\/p>\n","protected":false},"author":3,"featured_media":35985,"comment_status":"open","ping_status":"open","sticky":false,"template":"","format":"standard","meta":{"_exactmetrics_skip_tracking":false,"_exactmetrics_sitenote_active":false,"_exactmetrics_sitenote_note":"","_exactmetrics_sitenote_category":0,"footnotes":""},"categories":[18],"tags":[],"_links":{"self":[{"href":"https:\/\/goiasemtempo.com.br\/home\/wp-json\/wp\/v2\/posts\/35984"}],"collection":[{"href":"https:\/\/goiasemtempo.com.br\/home\/wp-json\/wp\/v2\/posts"}],"about":[{"href":"https:\/\/goiasemtempo.com.br\/home\/wp-json\/wp\/v2\/types\/post"}],"author":[{"embeddable":true,"href":"https:\/\/goiasemtempo.com.br\/home\/wp-json\/wp\/v2\/users\/3"}],"replies":[{"embeddable":true,"href":"https:\/\/goiasemtempo.com.br\/home\/wp-json\/wp\/v2\/comments?post=35984"}],"version-history":[{"count":1,"href":"https:\/\/goiasemtempo.com.br\/home\/wp-json\/wp\/v2\/posts\/35984\/revisions"}],"predecessor-version":[{"id":35986,"href":"https:\/\/goiasemtempo.com.br\/home\/wp-json\/wp\/v2\/posts\/35984\/revisions\/35986"}],"wp:featuredmedia":[{"embeddable":true,"href":"https:\/\/goiasemtempo.com.br\/home\/wp-json\/wp\/v2\/media\/35985"}],"wp:attachment":[{"href":"https:\/\/goiasemtempo.com.br\/home\/wp-json\/wp\/v2\/media?parent=35984"}],"wp:term":[{"taxonomy":"category","embeddable":true,"href":"https:\/\/goiasemtempo.com.br\/home\/wp-json\/wp\/v2\/categories?post=35984"},{"taxonomy":"post_tag","embeddable":true,"href":"https:\/\/goiasemtempo.com.br\/home\/wp-json\/wp\/v2\/tags?post=35984"}],"curies":[{"name":"wp","href":"https:\/\/api.w.org\/{rel}","templated":true}]}}