{"id":3590,"date":"2017-12-24T12:43:19","date_gmt":"2017-12-24T12:43:19","guid":{"rendered":"http:\/\/goiasemtempo.com.br\/home\/?p=3590"},"modified":"2017-12-24T12:43:19","modified_gmt":"2017-12-24T12:43:19","slug":"apos-ser-notificado-pelo-stf-eunicio-marca-sessao-sobre-afastamento-de-aecio","status":"publish","type":"post","link":"https:\/\/goiasemtempo.com.br\/home\/apos-ser-notificado-pelo-stf-eunicio-marca-sessao-sobre-afastamento-de-aecio\/","title":{"rendered":"Ap\u00f3s ser notificado pelo STF, Eun\u00edcio marca sess\u00e3o sobre afastamento de A\u00e9cio"},"content":{"rendered":"<p>O presidente do Senado, Eun\u00edcio Oliveiria (PMDB-CE), marcou para a manh\u00e3 de hoje (28) uma sess\u00e3o extraordin\u00e1ria para analisar a decis\u00e3o do Supremo Tribunal Federal de afastar o senador A\u00e9cio Neves (PSDB-MG) de seu mandato e determinar seu recolhimento domiciliar noturno. Eun\u00edcio foi notificado ontem (27) \u00e0 noite por um oficial de Justi\u00e7a sobre a decis\u00e3o da Corte.<\/p>\n<p>Parlamentares da base e da oposi\u00e7\u00e3o se movimentam com o objetivo de reverter a medida. Alegando que o Poder Judici\u00e1rio n\u00e3o pode prevalecer sobre o Legislativo, e recorrendo \u00e0 Constitui\u00e7\u00e3o para dizer que n\u00e3o \u00e9 poss\u00edvel afastar um parlamentar no exerc\u00edcio do mandato, os senadores se mobilizam na tentativa de explicar que n\u00e3o se trata de defender A\u00e9cio e sim o pr\u00f3prio Senado Federal.<\/p>\n<p>A decis\u00e3o do Supremo tamb\u00e9m tem provocado diverg\u00eancias entre os pr\u00f3prios ministros do Corte que questionam a constitucionalidade do ato. Nesta quarta-feira, o ministro Gilmar Mendes classificou a decis\u00e3o da Primeira Turma da Corte como \u201ccomportamento suspeito\u201d. Para ele, as medidas cautelares equivalem \u00e0 imposi\u00e7\u00e3o de pris\u00e3o contra o parlamentar.<\/p>\n<p>\u201cEu tenho impress\u00e3o que a Primeira Turma notoriamente decidiu pela pris\u00e3o, o que n\u00e3o tem respaldo na Constitui\u00e7\u00e3o, e que o Senado tem que deliberar sobre isso. A Constitui\u00e7\u00e3o prev\u00ea que cabe a Senado e C\u00e2mara tomar a decis\u00e3o\u201d, disse Gilmar Mendes.<\/p>\n","protected":false},"excerpt":{"rendered":"<p>O presidente do Senado, Eun\u00edcio Oliveiria (PMDB-CE), marcou para a manh\u00e3 de hoje (28) uma sess\u00e3o extraordin\u00e1ria para analisar a decis\u00e3o do Supremo Tribunal Federal de afastar o senador A\u00e9cio Neves (PSDB-MG) de seu mandato e determinar seu recolhimento domiciliar noturno. Eun\u00edcio foi notificado ontem (27) \u00e0 noite por um oficial de Justi\u00e7a sobre a &hellip;<\/p>\n","protected":false},"author":2,"featured_media":1181,"comment_status":"open","ping_status":"open","sticky":false,"template":"","format":"standard","meta":{"_exactmetrics_skip_tracking":false,"_exactmetrics_sitenote_active":false,"_exactmetrics_sitenote_note":"","_exactmetrics_sitenote_category":0,"footnotes":""},"categories":[4],"tags":[],"_links":{"self":[{"href":"https:\/\/goiasemtempo.com.br\/home\/wp-json\/wp\/v2\/posts\/3590"}],"collection":[{"href":"https:\/\/goiasemtempo.com.br\/home\/wp-json\/wp\/v2\/posts"}],"about":[{"href":"https:\/\/goiasemtempo.com.br\/home\/wp-json\/wp\/v2\/types\/post"}],"author":[{"embeddable":true,"href":"https:\/\/goiasemtempo.com.br\/home\/wp-json\/wp\/v2\/users\/2"}],"replies":[{"embeddable":true,"href":"https:\/\/goiasemtempo.com.br\/home\/wp-json\/wp\/v2\/comments?post=3590"}],"version-history":[{"count":1,"href":"https:\/\/goiasemtempo.com.br\/home\/wp-json\/wp\/v2\/posts\/3590\/revisions"}],"predecessor-version":[{"id":3591,"href":"https:\/\/goiasemtempo.com.br\/home\/wp-json\/wp\/v2\/posts\/3590\/revisions\/3591"}],"wp:featuredmedia":[{"embeddable":true,"href":"https:\/\/goiasemtempo.com.br\/home\/wp-json\/wp\/v2\/media\/1181"}],"wp:attachment":[{"href":"https:\/\/goiasemtempo.com.br\/home\/wp-json\/wp\/v2\/media?parent=3590"}],"wp:term":[{"taxonomy":"category","embeddable":true,"href":"https:\/\/goiasemtempo.com.br\/home\/wp-json\/wp\/v2\/categories?post=3590"},{"taxonomy":"post_tag","embeddable":true,"href":"https:\/\/goiasemtempo.com.br\/home\/wp-json\/wp\/v2\/tags?post=3590"}],"curies":[{"name":"wp","href":"https:\/\/api.w.org\/{rel}","templated":true}]}}