{"id":35539,"date":"2018-04-09T23:40:41","date_gmt":"2018-04-09T23:40:41","guid":{"rendered":"https:\/\/goiasemtempo.com.br\/home\/?p=35539"},"modified":"2018-04-09T23:40:41","modified_gmt":"2018-04-09T23:40:41","slug":"facebook-comunica-usuarios-que-tiveram-dados-vazados-443-mil-sao-no-brasil","status":"publish","type":"post","link":"https:\/\/goiasemtempo.com.br\/home\/facebook-comunica-usuarios-que-tiveram-dados-vazados-443-mil-sao-no-brasil\/","title":{"rendered":"Facebook comunica  usu\u00e1rios que tiveram dados vazados; 443 mil s\u00e3o no Brasil"},"content":{"rendered":"<p>Perto de meio milh\u00e3o de\u00a0 usu\u00e1rios do Facebook no Brasil tiveram seus dados coletados e repassados irregularmente \u00e0 empresa de consultoria e\u00a0<em>marketing<\/em>\u00a0digital Cambridge Analytica, com base no Reino Unido. A plataforma anunciou que enviaria hoje (9) mensagem aos internautas envolvidos no vazamento com informa\u00e7\u00f5es sobre o ocorrido.<\/p>\n<p>Segundo a assessoria de Facebook no Brasil, as pessoas cujos dados foram vazados receber\u00e3o uma mensagem na linha do tempo (<em>newsfeed<\/em>) contendo um\u00a0<em>link<\/em>\u00a0no qual poder\u00e3o saber quais informa\u00e7\u00f5es foram coletadas e de que maneira estas foram utilizadas.<\/p>\n<p><strong>Vazamento<\/strong><\/p>\n<p>Os dados foram vazados para a empresa Cambridge Analytica por um desenvolvedor que usou um aplicativo de teste de personalidade para acessar os dados. Essas informa\u00e7\u00f5es teriam sido usadas pela consultoria brit\u00e2nica para influenciar elei\u00e7\u00f5es em diversos pa\u00edses.<\/p>\n<p>Reportagens publicadas nos jornais New York Times (EUA), The Guardian (Reino Unido) e no canal de TV brit\u00e2nico Channel 4 (Reino Unido) divulgadas em mar\u00e7o trouxeram a den\u00fancia de um ex-funcion\u00e1rio relatando como os dados foram trabalhados pela firma para influenciar elei\u00e7\u00f5es, em especial o pleito dos Estados Unidos de 2016.<\/p>\n<p>Na mat\u00e9ria da emissora de TV, dirigentes da empresa relatam que come\u00e7ariam a atuar no Brasil. A companhia firmou parceria com a Ag\u00eancia Ponte. Contudo, em mar\u00e7o, a Ponte informou que n\u00e3o renovou o contrato com a consultoria.<\/p>\n<p><strong>V\u00edtimas no mundo<\/strong><\/p>\n<p>No \u00faltimo dia 4 de abril, o diretor de tecnologia do Facebook, Mike Schroepfer, publicou mensagem no\u00a0<em>site<\/em>\u00a0da plataforma na qual afirmou que o n\u00famero de pessoas atingidas chegaria a 87 milh\u00f5es, bem maior do que os 50 milh\u00f5es informados pelas reportagens detonadoras do esc\u00e2ndalo.<\/p>\n<p>A maioria (70,6 milh\u00f5es) \u00e9 formada por cidad\u00e3os dos EUA, mas o vazamento tamb\u00e9m incluiu 1,1 milh\u00e3o de pessoas das Filipinas, 1 milh\u00e3o da Indon\u00e9sia, 1 milh\u00e3o do Reino Unido, 789 mil do M\u00e9xico, 622 mil do Canad\u00e1, 562 mil da \u00cdndia e 443 mil do Brasil.<\/p>\n<p>Questionada pela\u00a0<strong>Ag\u00eancia Brasil<\/strong>, a assessoria de imprensa do Facebook afirmou que a resposta da empresa abrange a notifica\u00e7\u00e3o dos usu\u00e1rios envolvidos no vazamento e medidas para reduzir riscos e aumentar o controle das pessoas sobre as informa\u00e7\u00f5es usadas por aplicativos.<\/p>\n<div class=\"know_more\">\n<p>&nbsp;<\/p>\n<\/div>\n<p><strong>Medidas<\/strong><\/p>\n<p>Hoje (9), o Facebook anunciou a inclus\u00e3o da exig\u00eancia de identifica\u00e7\u00e3o e localiza\u00e7\u00e3o de quem desejar pagar por an\u00fancios pol\u00edticos. Essa verifica\u00e7\u00e3o dever\u00e1 ocorrer tamb\u00e9m no caso de \u201cgrandes p\u00e1ginas\u201d, embora a companhia n\u00e3o tenha detalhado o crit\u00e9rio para enquadrar a categoria. Outra nova funcionalidade criada ser\u00e1 a possibilidade de os usu\u00e1rios verem os an\u00fancios presentes e passados de uma p\u00e1gina.<\/p>\n<p>No dia 6 de abril, o vice-presidente de an\u00fancios do Facebook, Rob Goldman, publicou no\u00a0<em>site<\/em>\u00a0da empresa outras medidas para os an\u00fancios. Uma delas \u00e9 a implanta\u00e7\u00e3o de uma identifica\u00e7\u00e3o da mensagem como \u201can\u00fancio pol\u00edtico\u201d e o registro do quem pagou pelo por ele.<\/p>\n<p>Esses mecanismos est\u00e3o sendo testados nos Estados Unidos e no Canad\u00e1 inicialmente. Segundo o presidente da empresa, Mark Zuckerberg, a verifica\u00e7\u00e3o de p\u00e1ginas ser\u00e1 expandida para o restante do mundo \u201cnos pr\u00f3ximos meses\u201d. De acordo com a assessoria da empresa no Brasil, ainda n\u00e3o h\u00e1 garantia de que essas e outras medidas, parte das chamadas \u201cdiretrizes de an\u00fancios\u201d, ser\u00e3o implementadas no Brasil antes das elei\u00e7\u00f5es.<\/p>\n<p>A empresa j\u00e1 havia anunciado, dias atr\u00e1s, recursos para facilitar a percep\u00e7\u00e3o dos usu\u00e1rios sobre quais as configura\u00e7\u00f5es de seguran\u00e7a e aplicativos autorizados por estes a coletar dados e que usos estes programas fazem destas informa\u00e7\u00f5es. Uma nova funcionalidade facilitou para usu\u00e1rios a maneira de baixar os registros que a plataforma possui deles.<\/p>\n<p>O diretor de tecnologia da companhia, em sua publica\u00e7\u00e3o no dia 4 de abril, disse tamb\u00e9m que o acesso destes aplicativos ao que \u00e9 feito na plataforma foi dificultado no caso de eventos, grupos e p\u00e1ginas. Ele acrescentou que o acesso a liga\u00e7\u00f5es e mensagens (uma op\u00e7\u00e3o dos aplicativos baixados no celular) tamb\u00e9m ser\u00e1 restringido.<\/p>\n<p><strong>Investiga\u00e7\u00e3o<\/strong><\/p>\n<p>O Minist\u00e9rio P\u00fablico do Distrito Federal e Territ\u00f3rios (MPDFT)\u00a0<a href=\"http:\/\/agenciabrasil.ebc.com.br\/geral\/noticia\/2018-03\/ministerio-publico-do-df-investiga-uso-ilegal-de-dados-de-usuarios-do-facebook\" target=\"_blank\" rel=\"noopener\">abriu um procedimento de apura\u00e7\u00e3o<\/a>\u00a0para avaliar o caso e os impactos a usu\u00e1rios brasileiros. A decis\u00e3o havia sido tomada antes da confirma\u00e7\u00e3o de que o vazamento incluiu informa\u00e7\u00f5es de 443 mil brasileiros. No documento de instaura\u00e7\u00e3o do inqu\u00e9rito, o MPDFT aponta o epis\u00f3dio como um \u201ctratamento ilegal de dados\u201d.<\/p>\n<p>Investiga\u00e7\u00f5es foram abertas tamb\u00e9m nos Estados Unidos. Amanh\u00e3 (10), o presidente da empresa vai depor em audi\u00eancias no Congresso dos Estados Unidos. Ele tamb\u00e9m foi convocado pelo Parlamento Brit\u00e2nico.<\/p>\n<p><strong>Aus\u00eancia de prote\u00e7\u00e3o<\/strong><\/p>\n<p>Para a advogada Fl\u00e1via Lef\u00e9vre, especialista em direito digital e integrante do Comit\u00ea Gestor da Internet no Brasil, o vazamento dos dados de brasileiros foi ilegal, contrariando o Marco Civil da Internet (Lei 12.965, de 2014) e o Decreto 8.771, de 2016, que restringem provedores de aplicativos de repassar dados dos usu\u00e1rios a terceiros.<\/p>\n<p>De acordo com a especialista, a investiga\u00e7\u00e3o em curso pelo Minist\u00e9rio P\u00fablico \u00e9 importante para verificar os danos aos usu\u00e1rios envolvidos. A depender do que pode ser constatado, o Facebook pode ser multado pela viola\u00e7\u00e3o da legisla\u00e7\u00e3o da \u00e1rea e tamb\u00e9m com base no C\u00f3digo de Defesa do Consumidor.<\/p>\n<p>Contudo, a advogada diz que o epis\u00f3dio evidencia a falta de prote\u00e7\u00e3o dos internautas brasileiros pela inexist\u00eancia de uma legisla\u00e7\u00e3o para a \u00e1rea de privacidade. \u201cEstamos muito vulner\u00e1veis pelo fato de n\u00e3o termos uma lei de prote\u00e7\u00e3o de dados pessoais e de n\u00e3o termos uma entidade com compet\u00eancia para fiscalizar a atividade de coleta, tratamento e transfer\u00eancia de dados pessoais\u201d, alerta. Projetos de lei sobre o tema tramitam no Congresso, mas sem perspectiva de aprova\u00e7\u00e3o.<\/p>\n<div class=\"node-info\">Edi\u00e7\u00e3o:\u00a0<strong>Davi Oliveira<\/strong><\/div>\n","protected":false},"excerpt":{"rendered":"<p>Perto de meio milh\u00e3o de\u00a0 usu\u00e1rios do Facebook no Brasil tiveram seus dados coletados e repassados irregularmente \u00e0 empresa de consultoria e\u00a0marketing\u00a0digital Cambridge Analytica, com base no Reino Unido. A plataforma anunciou que enviaria hoje (9) mensagem aos internautas envolvidos no vazamento com informa\u00e7\u00f5es sobre o ocorrido. Segundo a assessoria de Facebook no Brasil, as &hellip;<\/p>\n","protected":false},"author":3,"featured_media":35540,"comment_status":"open","ping_status":"open","sticky":false,"template":"","format":"standard","meta":{"footnotes":""},"categories":[4],"tags":[],"class_list":["post-35539","post","type-post","status-publish","format-standard","has-post-thumbnail","hentry","category-ultimas-noticias"],"_links":{"self":[{"href":"https:\/\/goiasemtempo.com.br\/home\/wp-json\/wp\/v2\/posts\/35539","targetHints":{"allow":["GET"]}}],"collection":[{"href":"https:\/\/goiasemtempo.com.br\/home\/wp-json\/wp\/v2\/posts"}],"about":[{"href":"https:\/\/goiasemtempo.com.br\/home\/wp-json\/wp\/v2\/types\/post"}],"author":[{"embeddable":true,"href":"https:\/\/goiasemtempo.com.br\/home\/wp-json\/wp\/v2\/users\/3"}],"replies":[{"embeddable":true,"href":"https:\/\/goiasemtempo.com.br\/home\/wp-json\/wp\/v2\/comments?post=35539"}],"version-history":[{"count":1,"href":"https:\/\/goiasemtempo.com.br\/home\/wp-json\/wp\/v2\/posts\/35539\/revisions"}],"predecessor-version":[{"id":35541,"href":"https:\/\/goiasemtempo.com.br\/home\/wp-json\/wp\/v2\/posts\/35539\/revisions\/35541"}],"wp:featuredmedia":[{"embeddable":true,"href":"https:\/\/goiasemtempo.com.br\/home\/wp-json\/wp\/v2\/media\/35540"}],"wp:attachment":[{"href":"https:\/\/goiasemtempo.com.br\/home\/wp-json\/wp\/v2\/media?parent=35539"}],"wp:term":[{"taxonomy":"category","embeddable":true,"href":"https:\/\/goiasemtempo.com.br\/home\/wp-json\/wp\/v2\/categories?post=35539"},{"taxonomy":"post_tag","embeddable":true,"href":"https:\/\/goiasemtempo.com.br\/home\/wp-json\/wp\/v2\/tags?post=35539"}],"curies":[{"name":"wp","href":"https:\/\/api.w.org\/{rel}","templated":true}]}}