{"id":35523,"date":"2018-04-09T19:20:11","date_gmt":"2018-04-09T19:20:11","guid":{"rendered":"https:\/\/goiasemtempo.com.br\/home\/?p=35523"},"modified":"2018-04-09T19:20:11","modified_gmt":"2018-04-09T19:20:11","slug":"brasil-enfrenta-momento-dificil-na-politica-diz-temer","status":"publish","type":"post","link":"https:\/\/goiasemtempo.com.br\/home\/brasil-enfrenta-momento-dificil-na-politica-diz-temer\/","title":{"rendered":"Brasil enfrenta momento dif\u00edcil na pol\u00edtica, diz Temer"},"content":{"rendered":"<p>O presidente Michel Temer disse hoje (9) que o Brasil superou uma fase dif\u00edcil na economia, mas enfrenta um momento dif\u00edcil \u201csob o foco pol\u00edtico\u201d. Ele discursou na posse do novo presidente do Banco do Desenvolvimento Econ\u00f4mico e Social (BNDES) e disse que \u00e9 preciso seguir adiante cumprindo rigorosamente o sistema normativo e a Constitui\u00e7\u00e3o que garantem a estabilidade ao pa\u00eds.<\/p>\n<p>\u201cAs bases, alicerces e suportes para o crescimento do pa\u00eds foram plantados nesses quase dois anos de governo. Isto \u00e9 fundamental para o pa\u00eds. Temos que ter consci\u00eancia disso. Precisamos saber que sa\u00edmos de um momento dif\u00edcil do pa\u00eds, continuamos sob um momento dif\u00edcil tamb\u00e9m sob o foco pol\u00edtico, mas temos que seguir adiante, e seguir adiante significa cumprir a normatividade nacional, cumprir a Constitui\u00e7\u00e3o, cumprir rigorosamente o sistema normativo nacional porque \u00e9 isso que d\u00e1 estabilidade ao pa\u00eds\u201d, disse o presidente da Rep\u00fablica.<\/p>\n<p>Acrescentou que s\u00f3 h\u00e1 organiza\u00e7\u00e3o quando se garante o cumprimento estrito \u00e0 norma jur\u00eddica. \u201cQuando voc\u00ea acha que n\u00e3o precisa cumprir a norma jur\u00eddica, voc\u00ea desorganiza a sociedade\u201d, afirmou.<\/p>\n<p><strong>Fun\u00e7\u00e3o social<\/strong><\/p>\n<p>Na cerim\u00f4nia, Temer empossou Dyogo Oliveira na presid\u00eancia do BNDES. Oliveira deixou o Minist\u00e9rio do Planejamento para assumir a nova fun\u00e7\u00e3o. Ele fica no lugar de Paulo Rabelo de Castro que sai da presid\u00eancia do banco para se candidatar nas elei\u00e7\u00f5es de outubro.<\/p>\n<p>Ao falar sobre o papel do BNDES, Temer destacou a fun\u00e7\u00e3o social dos bancos p\u00fablicos. \u201cOs bancos p\u00fablicos sempre devem ter uma fun\u00e7\u00e3o social. Os bancos p\u00fablicos, de fora a parte do desenvolvimento econ\u00f4mico do pa\u00eds, que eles tamb\u00e9m perseguem, mas devem perseguir a fun\u00e7\u00e3o social\u201d. E citou como exemplos os investimentos em educa\u00e7\u00e3o, seguran\u00e7a p\u00fablica e microempres\u00e1rios.<\/p>\n<p>Na cerim\u00f4nia de posse, realizada no Rio de Janeiro, o presidente citou a interven\u00e7\u00e3o do governo federal na \u00e1rea de seguran\u00e7a p\u00fablica do estado e disse as \u00faltimas a\u00e7\u00f5es no Rio foram \u201cpreciosas\u201d para a cidade e para o pa\u00eds.<\/p>\n<div class=\"node-info\">Edi\u00e7\u00e3o:\u00a0<strong>Kleber Sampaio<\/strong><\/div>\n","protected":false},"excerpt":{"rendered":"<p>O presidente Michel Temer disse hoje (9) que o Brasil superou uma fase dif\u00edcil na economia, mas enfrenta um momento dif\u00edcil \u201csob o foco pol\u00edtico\u201d. Ele discursou na posse do novo presidente do Banco do Desenvolvimento Econ\u00f4mico e Social (BNDES) e disse que \u00e9 preciso seguir adiante cumprindo rigorosamente o sistema normativo e a Constitui\u00e7\u00e3o &hellip;<\/p>\n","protected":false},"author":3,"featured_media":35525,"comment_status":"open","ping_status":"open","sticky":false,"template":"","format":"standard","meta":{"_exactmetrics_skip_tracking":false,"_exactmetrics_sitenote_active":false,"_exactmetrics_sitenote_note":"","_exactmetrics_sitenote_category":0,"footnotes":""},"categories":[2],"tags":[],"_links":{"self":[{"href":"https:\/\/goiasemtempo.com.br\/home\/wp-json\/wp\/v2\/posts\/35523"}],"collection":[{"href":"https:\/\/goiasemtempo.com.br\/home\/wp-json\/wp\/v2\/posts"}],"about":[{"href":"https:\/\/goiasemtempo.com.br\/home\/wp-json\/wp\/v2\/types\/post"}],"author":[{"embeddable":true,"href":"https:\/\/goiasemtempo.com.br\/home\/wp-json\/wp\/v2\/users\/3"}],"replies":[{"embeddable":true,"href":"https:\/\/goiasemtempo.com.br\/home\/wp-json\/wp\/v2\/comments?post=35523"}],"version-history":[{"count":1,"href":"https:\/\/goiasemtempo.com.br\/home\/wp-json\/wp\/v2\/posts\/35523\/revisions"}],"predecessor-version":[{"id":35526,"href":"https:\/\/goiasemtempo.com.br\/home\/wp-json\/wp\/v2\/posts\/35523\/revisions\/35526"}],"wp:featuredmedia":[{"embeddable":true,"href":"https:\/\/goiasemtempo.com.br\/home\/wp-json\/wp\/v2\/media\/35525"}],"wp:attachment":[{"href":"https:\/\/goiasemtempo.com.br\/home\/wp-json\/wp\/v2\/media?parent=35523"}],"wp:term":[{"taxonomy":"category","embeddable":true,"href":"https:\/\/goiasemtempo.com.br\/home\/wp-json\/wp\/v2\/categories?post=35523"},{"taxonomy":"post_tag","embeddable":true,"href":"https:\/\/goiasemtempo.com.br\/home\/wp-json\/wp\/v2\/tags?post=35523"}],"curies":[{"name":"wp","href":"https:\/\/api.w.org\/{rel}","templated":true}]}}