{"id":35379,"date":"2018-04-06T11:33:25","date_gmt":"2018-04-06T11:33:25","guid":{"rendered":"https:\/\/goiasemtempo.com.br\/home\/?p=35379"},"modified":"2018-04-06T11:33:25","modified_gmt":"2018-04-06T11:33:25","slug":"em-protesto-na-esplanada-gleisi-hoffmann-diz-que-lula-esta","status":"publish","type":"post","link":"https:\/\/goiasemtempo.com.br\/home\/em-protesto-na-esplanada-gleisi-hoffmann-diz-que-lula-esta\/","title":{"rendered":"Em protesto na Esplanada, Gleisi Hoffmann diz que Lula est\u00e1"},"content":{"rendered":"<p>A senadora e atual presidente nacional do PT, Gleisi Hoffmann (PR), esteve presente na Esplanada dos Minist\u00e9rios nesta quarta-feira (4\/4) para protestar a favor do habeas corpus do ex-presidente Luiz In\u00e1cio Lula da Silva. Segundo ela, o correligion\u00e1rio est\u00e1 bem, sereno e com a  &#8220;consci\u00eancia tranquila dos inocentes&#8221;, afirmou.<\/p>\n<p>Segundo a petista, a caravana do partido deve continuar pelo pa\u00eds, independente da decis\u00e3o do Supremo Tribunal Federal (STF). &#8220;Mas estamos tranquilos que os ministros v\u00e3o cumprir a Constitui\u00e7\u00e3o que diz que s\u00f3 pode ser preso ap\u00f3s o tr\u00e2nsito em julgado&#8221;, enfatizou.<\/p>\n<p>Outros parlamentares tamb\u00e9m marcaram presen\u00e7a no ato pr\u00f3-Lula. Em seu discurso, a deputada Erika Kokay (PT-DF) relembrou uma fala do pr\u00f3prio ex-presidente que disse &#8220;se quebrarem minhas pernas, eu lutarei com as pernas de voc\u00eas&#8221;. &#8220;Aqui est\u00e3o suas pernas&#8221;, afirmou Erika, dirigindo-se ao p\u00fablico.<\/p>\n<p>J\u00e1 o deputado Paulo Pimenta (PT-RS) contou que o partido n\u00e3o trabalha com a hip\u00f3tese de uma derrota no STF. &#8220;Minha expectativa \u00e9 que seja respeitada a Constitui\u00e7\u00e3o. Que o Supremo Tribunal Federal n\u00e3o permita que press\u00f5es de qualquer natureza maculem a autonomia, a soberania da Constituinte de 1988 que definiu de maneira clara que no Brasil qualquer pessoa \u00e9 inocente. Ningu\u00e9m pode ser considerado culpado at\u00e9 que exista uma senten\u00e7a transitado em julgado. Qualquer outra interpreta\u00e7\u00e3o diferente dessa \u00e9 absolutamente inconstitucional&#8221;, opinou.<\/p>\n<p>No lado pr\u00f3-Lula, os manifestantes entoam cantos como &#8220;fascistas, golpistas, machistas, n\u00e3o passar\u00e3o&#8221;. Eles tamb\u00e9m lembram as mortes de Martin Luther King (que completou 50 anos nessa ter\u00e7a-feira), Malcolm X, Marielle Franco e Anderson, al\u00e9m de diversas outras chacinas e assassinatos dentro e fora do pa\u00eds para dizerem que n\u00e3o confiam na Justi\u00e7a.<\/p>\n<p>Os atos favor\u00e1veis e contr\u00e1rios \u00e0 concess\u00e3o do habeas corpus para que o ex-presidente Lula possa recorrer em liberdade da condena\u00e7\u00e3o a 12 anos e um m\u00eas de pris\u00e3o come\u00e7aram por volta das 14h, no gramado em frente ao Congresso Nacional. Os dois grupos est\u00e3o separados por grades. Segundo a Pol\u00edcia Militar, h\u00e1 mil pessoas em cada um dos lados do protesto. At\u00e9 o momento, houve apenas um epis\u00f3dio de tens\u00e3o entre os grupos. Mas foi &#8220;rapidamente contido&#8221;, de acordo com a corpora\u00e7\u00e3o.<\/p>\n<p>A maranhense Maria dos Anjos aproveitou a manifesta\u00e7\u00e3o para vender lembran\u00e7as de Bras\u00edlia. Por causa do julgamento hist\u00f3rico do habeas corpus do ex-presidente Lu\u00eds In\u00e1cio Lula da Silva, ela apostou em miniaturas da Est\u00e1tua da Justi\u00e7a que est\u00e1 em frente ao STF. <\/p>\n<p>Entretanto, em quase tr\u00eas horas que est\u00e1 com a banquinha armada, n\u00e3o conseguiu vender nenhuma unidade da miniatura da est\u00e1tua. \u201cNingu\u00e9m acredita na Justi\u00e7a. N\u00e3o querem lembran\u00e7a de Bras\u00edlia porque dizem que aqui s\u00f3 tem corrupto\u201d, lamenta.<\/p>\n","protected":false},"excerpt":{"rendered":"<p>A senadora e atual presidente nacional do PT, Gleisi Hoffmann (PR), esteve presente na Esplanada dos Minist\u00e9rios nesta quarta-feira (4\/4) para protestar a favor do habeas corpus do ex-presidente Luiz In\u00e1cio Lula da Silva. Segundo ela, o correligion\u00e1rio est\u00e1 bem, sereno e com a &#8220;consci\u00eancia tranquila dos inocentes&#8221;, afirmou. Segundo a petista, a caravana do &hellip;<\/p>\n","protected":false},"author":2,"featured_media":34930,"comment_status":"open","ping_status":"open","sticky":false,"template":"","format":"standard","meta":{"_exactmetrics_skip_tracking":false,"_exactmetrics_sitenote_active":false,"_exactmetrics_sitenote_note":"","_exactmetrics_sitenote_category":0,"footnotes":""},"categories":[4],"tags":[],"_links":{"self":[{"href":"https:\/\/goiasemtempo.com.br\/home\/wp-json\/wp\/v2\/posts\/35379"}],"collection":[{"href":"https:\/\/goiasemtempo.com.br\/home\/wp-json\/wp\/v2\/posts"}],"about":[{"href":"https:\/\/goiasemtempo.com.br\/home\/wp-json\/wp\/v2\/types\/post"}],"author":[{"embeddable":true,"href":"https:\/\/goiasemtempo.com.br\/home\/wp-json\/wp\/v2\/users\/2"}],"replies":[{"embeddable":true,"href":"https:\/\/goiasemtempo.com.br\/home\/wp-json\/wp\/v2\/comments?post=35379"}],"version-history":[{"count":1,"href":"https:\/\/goiasemtempo.com.br\/home\/wp-json\/wp\/v2\/posts\/35379\/revisions"}],"predecessor-version":[{"id":35380,"href":"https:\/\/goiasemtempo.com.br\/home\/wp-json\/wp\/v2\/posts\/35379\/revisions\/35380"}],"wp:featuredmedia":[{"embeddable":true,"href":"https:\/\/goiasemtempo.com.br\/home\/wp-json\/wp\/v2\/media\/34930"}],"wp:attachment":[{"href":"https:\/\/goiasemtempo.com.br\/home\/wp-json\/wp\/v2\/media?parent=35379"}],"wp:term":[{"taxonomy":"category","embeddable":true,"href":"https:\/\/goiasemtempo.com.br\/home\/wp-json\/wp\/v2\/categories?post=35379"},{"taxonomy":"post_tag","embeddable":true,"href":"https:\/\/goiasemtempo.com.br\/home\/wp-json\/wp\/v2\/tags?post=35379"}],"curies":[{"name":"wp","href":"https:\/\/api.w.org\/{rel}","templated":true}]}}