{"id":35320,"date":"2018-04-06T04:26:19","date_gmt":"2018-04-06T04:26:19","guid":{"rendered":"https:\/\/goiasemtempo.com.br\/home\/?p=35320"},"modified":"2018-04-06T04:26:19","modified_gmt":"2018-04-06T04:26:19","slug":"alunos-e-diretores-elogiam-a-chegada-do-iema-em-brejo","status":"publish","type":"post","link":"https:\/\/goiasemtempo.com.br\/home\/alunos-e-diretores-elogiam-a-chegada-do-iema-em-brejo\/","title":{"rendered":"Alunos e diretores elogiam a chegada do IEMA em Brejo"},"content":{"rendered":"<p>\u201cEstou maravilhada com a escola, \u00e9 incr\u00edvel a estrutura que estou encontrando na unidade. Encontrei meu cantinho favorito, a biblioteca, que est\u00e1 linda. Come\u00e7o a trilhar meu sonho no IEMA, hoje sou aluna do curso de servi\u00e7os jur\u00eddicos e amanh\u00e3 serei desembargadora. J\u00e1 penso em retornar \u00e0 unidade e mostrar para os jovens que estiverem aqui que querer \u00e9 poder, pois h\u00e1 um ano eu n\u00e3o imaginava que um dia poderia estar em uma escola dessa. \u00c9 uma experi\u00eancia incr\u00edvel.\u201d<\/p>\n<p>Essas foram as palavras da estudante Thalya Viana durante a solenidade de inaugura\u00e7\u00e3o do Instituto de Educa\u00e7\u00e3o, Ci\u00eancia e Tecnologia do Maranh\u00e3o (IEMA), unidade plena de Brejo. Esta \u00e9 a d\u00e9cima unidade inaugurada, ampliando a oferta de vagas aos estudantes que desejam obter uma forma\u00e7\u00e3o t\u00e9cnica e ao mesmo tempo cursar o ensino m\u00e9dio.<\/p>\n<p>Saiba mais:<\/p>\n<p>A unidade plena de Brejo fica localizada no povoado Morro Alegre e vai oferecer os cursos de agricultura, manuten\u00e7\u00e3o e suporte para inform\u00e1tica, meio ambiente e servi\u00e7os jur\u00eddicos para 160 alunos. A escola possui uma \u00e1rea de 2.335 metros quadrados, que abranger\u00e1 13 salas de aulas, laborat\u00f3rios de inform\u00e1tica, biologia, qu\u00edmica, f\u00edsica e matem\u00e1tica, biblioteca, \u00e1rea de viv\u00eancia e refeit\u00f3rio amplos e arejados, quadra poliesportiva coberta.<\/p>\n<p>De acordo com o governador Fl\u00e1vio Dino, a inaugura\u00e7\u00e3o de mais uma unidade plena do Iema representa uma grande felicidade. \u201cChegamos \u00e0 d\u00e9cima unidade do Instituto. Vamos continuar este trabalho, muito em breve iremos inaugurar as pr\u00f3ximas unidades, e chegar a 26 este ano. Sendo 13 plenas e 13 vocacionais. Cumprindo este objetivo de termos uma rede estadual p\u00fablica de educa\u00e7\u00e3o profissional gratuita e de qualidade, com estrutura adequada para levar dias melhores para o Maranh\u00e3o\u201d, disse.<\/p>\n<p>Segundo o reitor do IEMA, Jhonatan Almada, a Rede IEMA cada dia cresce com qualidade. \u201c\u00c9 uma grande alegria desenvolver essa a\u00e7\u00e3o, ao longo do governo Fl\u00e1vio Dino, que criou o Instituto. Neste tempo, democratizamos oportunidades educacionais para a juventude maranhense, acredito que essa \u00e9 a grande conquista, \u00e9 a grande simbologia do IEMA para o Maranh\u00e3o\u201d, contou.<\/p>\n<p>A gestora pedag\u00f3gica da unidade plena de Brejo, Kledna Moraes, destacou que as expectativas para o in\u00edcio do ano letivo s\u00e3o as melhores. \u201c\u00c9 uma miss\u00e3o muito importante comandar os trabalhos \u00e0 frente do Iema, pois essa \u00e9 a escola dos sonhos, tem um modelo pedag\u00f3gico diferenciado. \u00c9 uma iniciativa de extrema relev\u00e2ncia, sobretudo para os jovens brejenses que n\u00e3o t\u00eam perspectivas de futuro em seu munic\u00edpio. Geralmente, eles tinham que ir para cidades maiores para conseguir fazer um curso t\u00e9cnico, hoje eles poder\u00e3o cursar junto com o m\u00e9dio. Essa \u00e9 uma oportunidade que o governador Fl\u00e1vio Dino est\u00e1 nos dando, e toda a popula\u00e7\u00e3o est\u00e1 muito orgulhosa, s\u00f3 temos a agradecer\u201d, destacou.<\/p>\n<p>A diretora de escolas t\u00e9cnicas da Uni\u00e3o Brasileira dos Estudantes Secundaristas (Ubes), Rozana Barroso, frisou que o Maranh\u00e3o tem se destacado pelo investimento em educa\u00e7\u00e3o.\u201c\u00c9 muito novo ver o que vem acontecendo nesse Estado, venho acompanhado nos jornais, na televis\u00e3o e percebo que o Maranh\u00e3o tem se desenvolvido a cada dia mais com a inaugura\u00e7\u00e3o de v\u00e1rias escolas, entre elas o Iema, que n\u00e3o vai fazer s\u00f3 com que o estudante aperte um parafuso, mas vai contribuir para que os jovens desenvolvam tecnologicamente, socialmente e economicamente o Estado\u201d, frisou.<\/p>\n<p>Novo IEMA em Brejo oferece diversos cursos e tem capacidade para 160 alunos. <\/p>\n","protected":false},"excerpt":{"rendered":"<p>\u201cEstou maravilhada com a escola, \u00e9 incr\u00edvel a estrutura que estou encontrando na unidade. Encontrei meu cantinho favorito, a biblioteca, que est\u00e1 linda. Come\u00e7o a trilhar meu sonho no IEMA, hoje sou aluna do curso de servi\u00e7os jur\u00eddicos e amanh\u00e3 serei desembargadora. J\u00e1 penso em retornar \u00e0 unidade e mostrar para os jovens que estiverem &hellip;<\/p>\n","protected":false},"author":2,"featured_media":34904,"comment_status":"open","ping_status":"open","sticky":false,"template":"","format":"standard","meta":{"_exactmetrics_skip_tracking":false,"_exactmetrics_sitenote_active":false,"_exactmetrics_sitenote_note":"","_exactmetrics_sitenote_category":0,"footnotes":""},"categories":[4],"tags":[],"_links":{"self":[{"href":"https:\/\/goiasemtempo.com.br\/home\/wp-json\/wp\/v2\/posts\/35320"}],"collection":[{"href":"https:\/\/goiasemtempo.com.br\/home\/wp-json\/wp\/v2\/posts"}],"about":[{"href":"https:\/\/goiasemtempo.com.br\/home\/wp-json\/wp\/v2\/types\/post"}],"author":[{"embeddable":true,"href":"https:\/\/goiasemtempo.com.br\/home\/wp-json\/wp\/v2\/users\/2"}],"replies":[{"embeddable":true,"href":"https:\/\/goiasemtempo.com.br\/home\/wp-json\/wp\/v2\/comments?post=35320"}],"version-history":[{"count":1,"href":"https:\/\/goiasemtempo.com.br\/home\/wp-json\/wp\/v2\/posts\/35320\/revisions"}],"predecessor-version":[{"id":35321,"href":"https:\/\/goiasemtempo.com.br\/home\/wp-json\/wp\/v2\/posts\/35320\/revisions\/35321"}],"wp:featuredmedia":[{"embeddable":true,"href":"https:\/\/goiasemtempo.com.br\/home\/wp-json\/wp\/v2\/media\/34904"}],"wp:attachment":[{"href":"https:\/\/goiasemtempo.com.br\/home\/wp-json\/wp\/v2\/media?parent=35320"}],"wp:term":[{"taxonomy":"category","embeddable":true,"href":"https:\/\/goiasemtempo.com.br\/home\/wp-json\/wp\/v2\/categories?post=35320"},{"taxonomy":"post_tag","embeddable":true,"href":"https:\/\/goiasemtempo.com.br\/home\/wp-json\/wp\/v2\/tags?post=35320"}],"curies":[{"name":"wp","href":"https:\/\/api.w.org\/{rel}","templated":true}]}}