{"id":35316,"date":"2018-04-06T04:24:36","date_gmt":"2018-04-06T04:24:36","guid":{"rendered":"https:\/\/goiasemtempo.com.br\/home\/?p=35316"},"modified":"2018-04-06T04:24:36","modified_gmt":"2018-04-06T04:24:36","slug":"maranhao-e-eleito-para-mesa-diretora-do-forum-nacional-dos-secretarios-e-dirigentes-estaduais-do-turismo","status":"publish","type":"post","link":"https:\/\/goiasemtempo.com.br\/home\/maranhao-e-eleito-para-mesa-diretora-do-forum-nacional-dos-secretarios-e-dirigentes-estaduais-do-turismo\/","title":{"rendered":"Maranh\u00e3o \u00e9 eleito para mesa diretora do F\u00f3rum Nacional dos Secret\u00e1rios e Dirigentes Estaduais do Turismo"},"content":{"rendered":"<p>Em reuni\u00e3o realizada na segunda-feira (2), em S\u00e3o Paulo (SP), o F\u00f3rum Nacional dos Secret\u00e1rios e Dirigentes Estaduais do Turismo (FORNATUR) elegeu a sua nova mesa diretora. Felipe Carreras, secret\u00e1rio de Turismo de Pernambuco, passou o bast\u00e3o para Gustavo Arrais, gestor de Minas Gerais. O secret\u00e1rio adjunto de Turismo do Maranh\u00e3o, Hugo Veiga, representante do Governo do Maranh\u00e3o, foi eleito segundo vice-presidente nacional com unanimidade.<\/p>\n<p>O secret\u00e1rio adjunto de Turismo e agora segundo vice-presidente do FORNATUR, Hugo Veiga, agradeceu a mobiliza\u00e7\u00e3o e destacou a import\u00e2ncia do setor para o desenvolvimento econ\u00f4mico do Pa\u00eds.<\/p>\n<p>\u201cEssa indica\u00e7\u00e3o \u00e9 um reconhecimento dos colegas secret\u00e1rios pela defesa de pautas importantes como a pol\u00edtica de c\u00e9us abertos, onde n\u00e3o faz sentido o Brasil ficar ref\u00e9m de quatro companhias a\u00e9reas somente, n\u00e3o ter um livre mercado atuando para melhorar servi\u00e7os e baixar pre\u00e7os. O Maranh\u00e3o nunca ocupou esse cargo na FORNATUR, agora deve facilitar o acesso entre Minist\u00e9rio do Turismo e Embratur para os pleitos do Maranh\u00e3o\u201d, declarou.<\/p>\n<p>O F\u00f3rum discutiu a nova Lei Geral do Turismo, a abertura de capital das empresas de transporte a\u00e9reo, dentre outras mudan\u00e7as em prol do setor tur\u00edstico do pa\u00eds. Outro ponto de destaque da reuni\u00e3o foi a apresenta\u00e7\u00e3o de ferramentas de comunica\u00e7\u00e3o aos secret\u00e1rios. As plataformas apresentadas tem o objetivo de fortalecer a comunica\u00e7\u00e3o e o relacionamento entre a comunidade tur\u00edstica brasileira.<\/p>\n<p>O recurso de grupos de interesse permite que os assuntos possam ser segmentados, tendo acesso a not\u00edcias, publica\u00e7\u00f5es e informa\u00e7\u00f5es. Umas das plataformas criadas e apresentadas foi o Programa de Integra\u00e7\u00e3o do Turismo (PIT) lan\u00e7ado pelo Governo de Minas Gerais.<\/p>\n<p>\u201cO PIT deve ser uma revolu\u00e7\u00e3o, j\u00e1 que ser\u00e1 cedido de forma gratuita para todos os estados. \u00c9 uma forma de poder mensurar de maneira mais r\u00e1pida e f\u00e1cil a movimenta\u00e7\u00e3o, tempo de visita\u00e7\u00e3o, idade, sexo do turista, dispensando as pesquisas tradicionais\u201d, pontuou Hugo Veiga.<\/p>\n","protected":false},"excerpt":{"rendered":"<p>Em reuni\u00e3o realizada na segunda-feira (2), em S\u00e3o Paulo (SP), o F\u00f3rum Nacional dos Secret\u00e1rios e Dirigentes Estaduais do Turismo (FORNATUR) elegeu a sua nova mesa diretora. Felipe Carreras, secret\u00e1rio de Turismo de Pernambuco, passou o bast\u00e3o para Gustavo Arrais, gestor de Minas Gerais. O secret\u00e1rio adjunto de Turismo do Maranh\u00e3o, Hugo Veiga, representante do &hellip;<\/p>\n","protected":false},"author":2,"featured_media":34902,"comment_status":"open","ping_status":"open","sticky":false,"template":"","format":"standard","meta":{"_exactmetrics_skip_tracking":false,"_exactmetrics_sitenote_active":false,"_exactmetrics_sitenote_note":"","_exactmetrics_sitenote_category":0,"footnotes":""},"categories":[4],"tags":[],"_links":{"self":[{"href":"https:\/\/goiasemtempo.com.br\/home\/wp-json\/wp\/v2\/posts\/35316"}],"collection":[{"href":"https:\/\/goiasemtempo.com.br\/home\/wp-json\/wp\/v2\/posts"}],"about":[{"href":"https:\/\/goiasemtempo.com.br\/home\/wp-json\/wp\/v2\/types\/post"}],"author":[{"embeddable":true,"href":"https:\/\/goiasemtempo.com.br\/home\/wp-json\/wp\/v2\/users\/2"}],"replies":[{"embeddable":true,"href":"https:\/\/goiasemtempo.com.br\/home\/wp-json\/wp\/v2\/comments?post=35316"}],"version-history":[{"count":1,"href":"https:\/\/goiasemtempo.com.br\/home\/wp-json\/wp\/v2\/posts\/35316\/revisions"}],"predecessor-version":[{"id":35317,"href":"https:\/\/goiasemtempo.com.br\/home\/wp-json\/wp\/v2\/posts\/35316\/revisions\/35317"}],"wp:featuredmedia":[{"embeddable":true,"href":"https:\/\/goiasemtempo.com.br\/home\/wp-json\/wp\/v2\/media\/34902"}],"wp:attachment":[{"href":"https:\/\/goiasemtempo.com.br\/home\/wp-json\/wp\/v2\/media?parent=35316"}],"wp:term":[{"taxonomy":"category","embeddable":true,"href":"https:\/\/goiasemtempo.com.br\/home\/wp-json\/wp\/v2\/categories?post=35316"},{"taxonomy":"post_tag","embeddable":true,"href":"https:\/\/goiasemtempo.com.br\/home\/wp-json\/wp\/v2\/tags?post=35316"}],"curies":[{"name":"wp","href":"https:\/\/api.w.org\/{rel}","templated":true}]}}