{"id":35232,"date":"2018-04-06T03:49:21","date_gmt":"2018-04-06T03:49:21","guid":{"rendered":"https:\/\/goiasemtempo.com.br\/home\/?p=35232"},"modified":"2018-04-06T03:49:21","modified_gmt":"2018-04-06T03:49:21","slug":"serie-de-apresentacoes-quatro-cantos-coral-na-praca-esta-com-inscricoes-abertas","status":"publish","type":"post","link":"https:\/\/goiasemtempo.com.br\/home\/serie-de-apresentacoes-quatro-cantos-coral-na-praca-esta-com-inscricoes-abertas\/","title":{"rendered":"S\u00e9rie de apresenta\u00e7\u00f5es Quatro Cantos Coral na Pra\u00e7a est\u00e1 com inscri\u00e7\u00f5es abertas"},"content":{"rendered":"<p>O BDMG Cultural e o Coral BDMG receber\u00e3o, at\u00e9 o dia 13 de abril, inscri\u00e7\u00f5es de grupos vocais interessados em participar da programa\u00e7\u00e3o comemorativa da s\u00e9rie Quatro Cantos Coral na Pra\u00e7a.<\/p>\n<p>H\u00e1 25 anos, o projeto divulga e promove a m\u00fasica coral no estado, privilegiando, principalmente, os grupos de Minas Gerais. Poder\u00e3o se inscrever grupos infantis, infanto-juvenis, adultos ou da maturidade; de forma\u00e7\u00f5es independentes ou vinculadas a empresas privadas, institui\u00e7\u00f5es p\u00fablica, de ensino, religiosa, entre outros.<\/p>\n<p>De acordo com a coordenadora do Coral BDMG e da s\u00e9rie de apresenta\u00e7\u00f5es, Leila Greg\u00f3rio, manter uma s\u00e9rie de apresenta\u00e7\u00f5es dedicada a corais h\u00e1 25 anos \u00e9 muito importante.<\/p>\n<p>\u201cEsse ano queremos comemorar muito, afinal, s\u00e3o 25 anos ininterruptos de Quatro Cantos Coral na Pra\u00e7a. Em uma \u00e9poca que percebemos que a tradi\u00e7\u00e3o dos coros tem se dissolvido, manter essa programa\u00e7\u00e3o e as portas abertas para os grupos vocais, \u00e9 muito importante\u201d, afirma Leila que tamb\u00e9m integra o Coral BDMG.<\/p>\n<p>A s\u00e9rie Quatro Cantos Coral na Pra\u00e7a nasceu no Coreto da Pra\u00e7a da Liberdade. Durante a interdi\u00e7\u00e3o do local para reforma, as apresenta\u00e7\u00f5es foram alteradas para a Pra\u00e7a da Assembleia Legislativa de Minas Gerais. Hoje, de volta ao seu local de origem, a programa\u00e7\u00e3o tamb\u00e9m \u00e9 realizada na Bas\u00edlica de Nossa Senhora de Lourdes, um patrim\u00f4nio hist\u00f3rico para a capital.<\/p>\n<p>Nesta temporada 2018, as apresenta\u00e7\u00f5es ser\u00e3o realizadas de abril a setembro. Em cada concerto, tr\u00eas coros selecionados ser\u00e3o recebidos pelo anfitri\u00e3o do projeto, o Coral BDMG. No repert\u00f3rio, can\u00e7\u00f5es folcl\u00f3ricas, tradicionais e cl\u00e1ssicos da MPB, que desmistificam a ideia de que o canto coral n\u00e3o possui vi\u00e9s popular.<\/p>\n<p>O regulamento e ficha de inscri\u00e7\u00e3o est\u00e3o dispon\u00edveis no site do BDMG Cultural: www.bdmgcultural.mg.gov.br.<\/p>\n<p>Abertura em 5 de abril<\/p>\n<p>Na pr\u00f3xima quinta-feira (5\/4), \u00e0s 19h30, os corais S\u00e3o Thiago, Copasa, Vozes da Globo Minas e o anfitri\u00e3o Coral BDMG dar\u00e3o in\u00edcio \u00e0 temporada comemorativa.<\/p>\n<p>Os coros que participar\u00e3o como convidados nesta noite de abertura de temporada foram escolhidos pela participa\u00e7\u00e3o na hist\u00f3ria do projeto durante estes 25 anos. \u00c9 uma forma de agradec\u00ea-los tamb\u00e9m\u201d, explica Leila.<\/p>\n<p>A primeira apresenta\u00e7\u00e3o ser\u00e1 realizada no Coreto da Pra\u00e7a da Liberdade e ter\u00e1 acesso gratuito. Os repert\u00f3rios dos coros desmistificam a ideia de que o canto coral n\u00e3o possui vi\u00e9s popular, por meio de can\u00e7\u00f5es folcl\u00f3ricas, tradicionais e cl\u00e1ssicos da MPB.<\/p>\n<p>Outras informa\u00e7\u00f5es:<br \/>\nAssessoria de Comunica\u00e7\u00e3o do BDMG Cultural<\/p>\n","protected":false},"excerpt":{"rendered":"<p>O BDMG Cultural e o Coral BDMG receber\u00e3o, at\u00e9 o dia 13 de abril, inscri\u00e7\u00f5es de grupos vocais interessados em participar da programa\u00e7\u00e3o comemorativa da s\u00e9rie Quatro Cantos Coral na Pra\u00e7a. H\u00e1 25 anos, o projeto divulga e promove a m\u00fasica coral no estado, privilegiando, principalmente, os grupos de Minas Gerais. Poder\u00e3o se inscrever grupos &hellip;<\/p>\n","protected":false},"author":2,"featured_media":34861,"comment_status":"open","ping_status":"open","sticky":false,"template":"","format":"standard","meta":{"footnotes":""},"categories":[4],"tags":[],"class_list":["post-35232","post","type-post","status-publish","format-standard","has-post-thumbnail","hentry","category-ultimas-noticias"],"_links":{"self":[{"href":"https:\/\/goiasemtempo.com.br\/home\/wp-json\/wp\/v2\/posts\/35232","targetHints":{"allow":["GET"]}}],"collection":[{"href":"https:\/\/goiasemtempo.com.br\/home\/wp-json\/wp\/v2\/posts"}],"about":[{"href":"https:\/\/goiasemtempo.com.br\/home\/wp-json\/wp\/v2\/types\/post"}],"author":[{"embeddable":true,"href":"https:\/\/goiasemtempo.com.br\/home\/wp-json\/wp\/v2\/users\/2"}],"replies":[{"embeddable":true,"href":"https:\/\/goiasemtempo.com.br\/home\/wp-json\/wp\/v2\/comments?post=35232"}],"version-history":[{"count":1,"href":"https:\/\/goiasemtempo.com.br\/home\/wp-json\/wp\/v2\/posts\/35232\/revisions"}],"predecessor-version":[{"id":35235,"href":"https:\/\/goiasemtempo.com.br\/home\/wp-json\/wp\/v2\/posts\/35232\/revisions\/35235"}],"wp:featuredmedia":[{"embeddable":true,"href":"https:\/\/goiasemtempo.com.br\/home\/wp-json\/wp\/v2\/media\/34861"}],"wp:attachment":[{"href":"https:\/\/goiasemtempo.com.br\/home\/wp-json\/wp\/v2\/media?parent=35232"}],"wp:term":[{"taxonomy":"category","embeddable":true,"href":"https:\/\/goiasemtempo.com.br\/home\/wp-json\/wp\/v2\/categories?post=35232"},{"taxonomy":"post_tag","embeddable":true,"href":"https:\/\/goiasemtempo.com.br\/home\/wp-json\/wp\/v2\/tags?post=35232"}],"curies":[{"name":"wp","href":"https:\/\/api.w.org\/{rel}","templated":true}]}}