{"id":35200,"date":"2018-04-06T03:36:31","date_gmt":"2018-04-06T03:36:31","guid":{"rendered":"https:\/\/goiasemtempo.com.br\/home\/?p=35200"},"modified":"2018-04-06T03:36:31","modified_gmt":"2018-04-06T03:36:31","slug":"penedo-acusado-de-trafico-e-preso-em-cumprimento-a-mandado-de-prisao","status":"publish","type":"post","link":"https:\/\/goiasemtempo.com.br\/home\/penedo-acusado-de-trafico-e-preso-em-cumprimento-a-mandado-de-prisao\/","title":{"rendered":"Penedo: acusado de tr\u00e1fico \u00e9 preso em cumprimento a mandado de pris\u00e3o"},"content":{"rendered":"<p>Policiais civis do 85\u00ba Distrito Policial (85\u00baDP), sob o comando do Delegado R\u00f4mulo Andrade, deram cumprimento a mais um mandado de pris\u00e3o nesta ter\u00e7a-feira (03), na cidade de Penedo. Jos\u00e9 Flor\u00eancio Silva da Cruz Barros, conhecido como \u201cGalego\u201d ou \u201cCuia\u201d, 31 anos, foi preso ap\u00f3s dilig\u00eancias policiais no bairro Santa Izabel, no Loteamento Jonas Primo.<\/p>\n<p>De acordo com o delegado R\u00f4mulo, no \u00faltimo s\u00e1bado (31), a equipe policial do 85\u00ba DP estava de plant\u00e3o na 7\u00aa Delegacia Regional de Penedo, quando \u201cGalego\u201d, ap\u00f3s se envolver em uma ocorr\u00eancia, foi conduzido \u00e0 delegacia e um Termo Circunstanciado foi confeccionado.<\/p>\n<p>Em seguida, os policiais civis realizaram uma consulta dos dados do autuado e foi constatado que Jos\u00e9 Flor\u00eancio respondia tamb\u00e9m a outros processos criminais, dentre eles, um em tr\u00e2mite na Comarca de Porto Real do Col\u00e9gio, e que no ano de 2017 foi preso em flagrante por tr\u00e1fico de drogas, na posse de crack, maconha e dinheiro.<\/p>\n<p>\u201cA Justi\u00e7a j\u00e1 estava \u00e0 procura de Jos\u00e9 Flor\u00eancio, que intimado por edital, nunca atendeu a nenhuma das ordens\u201d, explicou o R\u00f4mulo Andrade, que diante das informa\u00e7\u00f5es, representou na Justi\u00e7a pela decreta\u00e7\u00e3o da pris\u00e3o preventiva do autuado.<\/p>\n<p>O mandado de pris\u00e3o preventiva foi expedido pela ju\u00edza Fab\u00edola Melo Feij\u00e3o, titular da Comarca de Porto Real do Col\u00e9gio, ofertando assim a continuidade dos trabalhos da Justi\u00e7a com a pris\u00e3o do criminoso.<\/p>\n<p>O preso foi apresentado  na 7\u00aaDRP e em seguida, encaminhado para a  Delegacia de Pol\u00edcia de Igreja Nova, onde permanecer\u00e1 sob cust\u00f3dia \u00e0 disposi\u00e7\u00e3o da Justi\u00e7a.<\/p>\n<p>\u201cEstamos h\u00e1 pouco mais de um m\u00eas a frente da Delegacia de Porto Real do Col\u00e9gio e a ordem \u00e9 combater de frente a criminalidade, com investiga\u00e7\u00e3o eficiente e devida repress\u00e3o\u201d finalizou o Delegado.<\/p>\n","protected":false},"excerpt":{"rendered":"<p>Policiais civis do 85\u00ba Distrito Policial (85\u00baDP), sob o comando do Delegado R\u00f4mulo Andrade, deram cumprimento a mais um mandado de pris\u00e3o nesta ter\u00e7a-feira (03), na cidade de Penedo. Jos\u00e9 Flor\u00eancio Silva da Cruz Barros, conhecido como \u201cGalego\u201d ou \u201cCuia\u201d, 31 anos, foi preso ap\u00f3s dilig\u00eancias policiais no bairro Santa Izabel, no Loteamento Jonas Primo. &hellip;<\/p>\n","protected":false},"author":2,"featured_media":34846,"comment_status":"open","ping_status":"open","sticky":false,"template":"","format":"standard","meta":{"_exactmetrics_skip_tracking":false,"_exactmetrics_sitenote_active":false,"_exactmetrics_sitenote_note":"","_exactmetrics_sitenote_category":0,"footnotes":""},"categories":[4],"tags":[],"_links":{"self":[{"href":"https:\/\/goiasemtempo.com.br\/home\/wp-json\/wp\/v2\/posts\/35200"}],"collection":[{"href":"https:\/\/goiasemtempo.com.br\/home\/wp-json\/wp\/v2\/posts"}],"about":[{"href":"https:\/\/goiasemtempo.com.br\/home\/wp-json\/wp\/v2\/types\/post"}],"author":[{"embeddable":true,"href":"https:\/\/goiasemtempo.com.br\/home\/wp-json\/wp\/v2\/users\/2"}],"replies":[{"embeddable":true,"href":"https:\/\/goiasemtempo.com.br\/home\/wp-json\/wp\/v2\/comments?post=35200"}],"version-history":[{"count":1,"href":"https:\/\/goiasemtempo.com.br\/home\/wp-json\/wp\/v2\/posts\/35200\/revisions"}],"predecessor-version":[{"id":35201,"href":"https:\/\/goiasemtempo.com.br\/home\/wp-json\/wp\/v2\/posts\/35200\/revisions\/35201"}],"wp:featuredmedia":[{"embeddable":true,"href":"https:\/\/goiasemtempo.com.br\/home\/wp-json\/wp\/v2\/media\/34846"}],"wp:attachment":[{"href":"https:\/\/goiasemtempo.com.br\/home\/wp-json\/wp\/v2\/media?parent=35200"}],"wp:term":[{"taxonomy":"category","embeddable":true,"href":"https:\/\/goiasemtempo.com.br\/home\/wp-json\/wp\/v2\/categories?post=35200"},{"taxonomy":"post_tag","embeddable":true,"href":"https:\/\/goiasemtempo.com.br\/home\/wp-json\/wp\/v2\/tags?post=35200"}],"curies":[{"name":"wp","href":"https:\/\/api.w.org\/{rel}","templated":true}]}}