{"id":35151,"date":"2018-04-06T03:15:55","date_gmt":"2018-04-06T03:15:55","guid":{"rendered":"https:\/\/goiasemtempo.com.br\/home\/?p=35151"},"modified":"2018-04-06T03:15:55","modified_gmt":"2018-04-06T03:15:55","slug":"daca-nao-esta-morto-apesar-das-afirmacoes-de-trump","status":"publish","type":"post","link":"https:\/\/goiasemtempo.com.br\/home\/daca-nao-esta-morto-apesar-das-afirmacoes-de-trump\/","title":{"rendered":"DACA n\u00e3o est\u00e1 morto, apesar das afirma\u00e7\u00f5es de Trump"},"content":{"rendered":"<p>O presidente Donald Trump disse que o DACA estava morto, mas apenas em 2018 seu governo aprovou mais de 55 mil pedidos para renovar ou receber pela primeira vez esta permiss\u00e3o que protege da deporta\u00e7\u00e3o imigrantes ilegais que chegaram aos Estados Unidos ainda na inf\u00e2ncia.<\/p>\n<p>O programa, criado pelo ex-presidente Barack Obama em 2012, foi eliminado em setembro do ano passado por Trump, mas segue vigente por ordem judicial.<\/p>\n<p>N\u00fameros divulgados nesta ter\u00e7a-feira pelo Servi\u00e7o de Cidadania e Imigra\u00e7\u00e3o dos Estados Unidos (USCIS, em ingl\u00eas) revelam que entre janeiro e mar\u00e7o 9.709 pessoas receberam o status DACA pela primeira vez, e 45.416 o renovaram.<\/p>\n<p>Quase 35 mil pedidos de renova\u00e7\u00e3o foram rejeitados, do mesmo modo que 16.252 aplica\u00e7\u00f5es pela primeira vez.<\/p>\n<p>O governo anunciou em setembro passado que eliminaria a A\u00e7\u00e3o Diferida para Chegadas na Inf\u00e2ncia (DACA), que hoje beneficia 693.850 pessoas, 80% procedentes do M\u00e9xico.<\/p>\n<p>Seu fim definitivo estava fixado para o dia 5 de mar\u00e7o, mas decis\u00f5es de ju\u00edzes da Calif\u00f3rnia e Nova York suspenderam temporariamente a medida do governo federal, que recorre a tribunais de segunda inst\u00e2ncia.<\/p>\n<p>A Suprema Corte nega a se pronunciar sobre o assunto diretamente.<\/p>\n<p>&#8211; Seguiremos lutando &#8211;<\/p>\n<p>Seguiremos lutando, escreveu no Twitter o procurador-geral da Calif\u00f3rnia, Xavier Becerra. Gra\u00e7as a uma ordem judicial protegemos o DACA na Calif\u00f3rnia e o governo Trump renovou o status para milhares de dreamers.<\/p>\n<p>Gra\u00e7as \u00e0 coragem e ao trabalho duro dos que levaram o presidente Trump \u00e0 justi\u00e7a por esta elimina\u00e7\u00e3o ilegal do DACA, dezenas de milhares de dreamers renovaram seu status, escreveu o National Immigration Law Center. MAS n\u00e3o se enganem: a luta para proteger todos os dreamers est\u00e1 longe de terminar.<\/p>\n<p>Nem todos os dreamers est\u00e3o protegidos por estas decis\u00f5es judiciais e necessitamos desesperadamente de uma solu\u00e7\u00e3o permanente para o desastre de Trump com o DACA.<\/p>\n<p>Na segunda-feira, Trump escreveu no Twitter que a A\u00e7\u00e3o Diferida para Chegadas na Inf\u00e2ncia estava morta porque os democratas n\u00e3o se importam e n\u00e3o agem. Agora todo mundo quer subir no carro do DACA. J\u00e1 n\u00e3o funciona, se deve construir o muro e proteger nossas fronteiras.<\/p>\n<p>Os democratas tentavam uma solu\u00e7\u00e3o permanente para os dreamers em troca de seu voto para aprovar o or\u00e7amento federal, no qual os fundos para o muro foram bloqueados.<\/p>\n","protected":false},"excerpt":{"rendered":"<p>O presidente Donald Trump disse que o DACA estava morto, mas apenas em 2018 seu governo aprovou mais de 55 mil pedidos para renovar ou receber pela primeira vez esta permiss\u00e3o que protege da deporta\u00e7\u00e3o imigrantes ilegais que chegaram aos Estados Unidos ainda na inf\u00e2ncia. O programa, criado pelo ex-presidente Barack Obama em 2012, foi &hellip;<\/p>\n","protected":false},"author":2,"featured_media":34822,"comment_status":"open","ping_status":"open","sticky":false,"template":"","format":"standard","meta":{"_exactmetrics_skip_tracking":false,"_exactmetrics_sitenote_active":false,"_exactmetrics_sitenote_note":"","_exactmetrics_sitenote_category":0,"footnotes":""},"categories":[4],"tags":[],"_links":{"self":[{"href":"https:\/\/goiasemtempo.com.br\/home\/wp-json\/wp\/v2\/posts\/35151"}],"collection":[{"href":"https:\/\/goiasemtempo.com.br\/home\/wp-json\/wp\/v2\/posts"}],"about":[{"href":"https:\/\/goiasemtempo.com.br\/home\/wp-json\/wp\/v2\/types\/post"}],"author":[{"embeddable":true,"href":"https:\/\/goiasemtempo.com.br\/home\/wp-json\/wp\/v2\/users\/2"}],"replies":[{"embeddable":true,"href":"https:\/\/goiasemtempo.com.br\/home\/wp-json\/wp\/v2\/comments?post=35151"}],"version-history":[{"count":1,"href":"https:\/\/goiasemtempo.com.br\/home\/wp-json\/wp\/v2\/posts\/35151\/revisions"}],"predecessor-version":[{"id":35152,"href":"https:\/\/goiasemtempo.com.br\/home\/wp-json\/wp\/v2\/posts\/35151\/revisions\/35152"}],"wp:featuredmedia":[{"embeddable":true,"href":"https:\/\/goiasemtempo.com.br\/home\/wp-json\/wp\/v2\/media\/34822"}],"wp:attachment":[{"href":"https:\/\/goiasemtempo.com.br\/home\/wp-json\/wp\/v2\/media?parent=35151"}],"wp:term":[{"taxonomy":"category","embeddable":true,"href":"https:\/\/goiasemtempo.com.br\/home\/wp-json\/wp\/v2\/categories?post=35151"},{"taxonomy":"post_tag","embeddable":true,"href":"https:\/\/goiasemtempo.com.br\/home\/wp-json\/wp\/v2\/tags?post=35151"}],"curies":[{"name":"wp","href":"https:\/\/api.w.org\/{rel}","templated":true}]}}