{"id":35123,"date":"2018-04-06T03:03:55","date_gmt":"2018-04-06T03:03:55","guid":{"rendered":"https:\/\/goiasemtempo.com.br\/home\/?p=35123"},"modified":"2018-04-06T03:03:55","modified_gmt":"2018-04-06T03:03:55","slug":"comissao-mista-analisa-parecer-sobre-mp-que-regulamenta-transposicao-de-servidores-de-ex-territorios","status":"publish","type":"post","link":"https:\/\/goiasemtempo.com.br\/home\/comissao-mista-analisa-parecer-sobre-mp-que-regulamenta-transposicao-de-servidores-de-ex-territorios\/","title":{"rendered":"Comiss\u00e3o mista analisa parecer sobre MP que regulamenta transposi\u00e7\u00e3o de servidores de ex-territ\u00f3rios"},"content":{"rendered":"<p>A comiss\u00e3o mista que analisa a Medida Provis\u00f3ria 817\/18 re\u00fane-se \u00e0s 14h30 para apreciar o relat\u00f3rio do senador Romero Juc\u00e1 (PMDB-RR). A reuni\u00e3o est\u00e1 marcada para o plen\u00e1rio 2 da ala Nilo Coelho, no Senado.<\/p>\n<p>Essa MP fixa condi\u00e7\u00f5es para a inclus\u00e3o dos servidores dos ex-territ\u00f3rios de Rond\u00f4nia, Roraima e Amap\u00e1 nos quadros da Uni\u00e3o. A medida regulamenta tr\u00eas emendas constitucionais (60, de 2009; 79, de 2014; e 98, de 2017) que tratam da transposi\u00e7\u00e3o desses servidores.<\/p>\n<p>A Emenda Constitucional 98 ampliou o n\u00famero de pessoas que poder\u00e3o solicitar a inclus\u00e3o e, na MP, o governo incorpora essa amplia\u00e7\u00e3o. A MP abrange ainda a extens\u00e3o dos direitos assegurados pela Emenda Constitucional 79 aos servidores que, em iguais condi\u00e7\u00f5es, tenham sido admitidos pelos estados de Rond\u00f4nia at\u00e9 1987 e do Amap\u00e1 e de Roraima at\u00e9 outubro de 1993.<\/p>\n<p>Tramita\u00e7\u00e3o<br \/>\nDepois de analisada pela comiss\u00e3o mista de deputados e senadores, a MP seguir\u00e1 para os plen\u00e1rios da C\u00e2mara e do Senado.<\/p>\n","protected":false},"excerpt":{"rendered":"<p>A comiss\u00e3o mista que analisa a Medida Provis\u00f3ria 817\/18 re\u00fane-se \u00e0s 14h30 para apreciar o relat\u00f3rio do senador Romero Juc\u00e1 (PMDB-RR). A reuni\u00e3o est\u00e1 marcada para o plen\u00e1rio 2 da ala Nilo Coelho, no Senado. Essa MP fixa condi\u00e7\u00f5es para a inclus\u00e3o dos servidores dos ex-territ\u00f3rios de Rond\u00f4nia, Roraima e Amap\u00e1 nos quadros da Uni\u00e3o. &hellip;<\/p>\n","protected":false},"author":2,"featured_media":34808,"comment_status":"open","ping_status":"open","sticky":false,"template":"","format":"standard","meta":{"_exactmetrics_skip_tracking":false,"_exactmetrics_sitenote_active":false,"_exactmetrics_sitenote_note":"","_exactmetrics_sitenote_category":0,"footnotes":""},"categories":[4],"tags":[],"_links":{"self":[{"href":"https:\/\/goiasemtempo.com.br\/home\/wp-json\/wp\/v2\/posts\/35123"}],"collection":[{"href":"https:\/\/goiasemtempo.com.br\/home\/wp-json\/wp\/v2\/posts"}],"about":[{"href":"https:\/\/goiasemtempo.com.br\/home\/wp-json\/wp\/v2\/types\/post"}],"author":[{"embeddable":true,"href":"https:\/\/goiasemtempo.com.br\/home\/wp-json\/wp\/v2\/users\/2"}],"replies":[{"embeddable":true,"href":"https:\/\/goiasemtempo.com.br\/home\/wp-json\/wp\/v2\/comments?post=35123"}],"version-history":[{"count":1,"href":"https:\/\/goiasemtempo.com.br\/home\/wp-json\/wp\/v2\/posts\/35123\/revisions"}],"predecessor-version":[{"id":35124,"href":"https:\/\/goiasemtempo.com.br\/home\/wp-json\/wp\/v2\/posts\/35123\/revisions\/35124"}],"wp:featuredmedia":[{"embeddable":true,"href":"https:\/\/goiasemtempo.com.br\/home\/wp-json\/wp\/v2\/media\/34808"}],"wp:attachment":[{"href":"https:\/\/goiasemtempo.com.br\/home\/wp-json\/wp\/v2\/media?parent=35123"}],"wp:term":[{"taxonomy":"category","embeddable":true,"href":"https:\/\/goiasemtempo.com.br\/home\/wp-json\/wp\/v2\/categories?post=35123"},{"taxonomy":"post_tag","embeddable":true,"href":"https:\/\/goiasemtempo.com.br\/home\/wp-json\/wp\/v2\/tags?post=35123"}],"curies":[{"name":"wp","href":"https:\/\/api.w.org\/{rel}","templated":true}]}}