{"id":35101,"date":"2018-04-06T02:54:29","date_gmt":"2018-04-06T02:54:29","guid":{"rendered":"https:\/\/goiasemtempo.com.br\/home\/?p=35101"},"modified":"2018-04-06T02:54:29","modified_gmt":"2018-04-06T02:54:29","slug":"nivel-de-atividade-da-industria-paulista-avanca-08-em-fevereiro-diz-fiesp","status":"publish","type":"post","link":"https:\/\/goiasemtempo.com.br\/home\/nivel-de-atividade-da-industria-paulista-avanca-08-em-fevereiro-diz-fiesp\/","title":{"rendered":"N\u00edvel de atividade da ind\u00fastria paulista avan\u00e7a 0,8% em fevereiro, diz Fiesp"},"content":{"rendered":"<p>O n\u00edvel de atividade da ind\u00fastria da transforma\u00e7\u00e3o paulista avan\u00e7ou 0,8% em fevereiro, na compara\u00e7\u00e3o com o m\u00eas anterior, j\u00e1 com o ajuste sazonal. O dado, divulgado hoje (2), faz parte do Indicador de N\u00edvel de Atividade (INA) da Federa\u00e7\u00e3o das Ind\u00fastrias do Estado de S\u00e3o Paulo (Fiesp). Tamb\u00e9m variou positivamente a s\u00e9rie sem ajuste sazonal, com alta de 1,3% em fevereiro. No acumulado do ano, a varia\u00e7\u00e3o chega a 6,5%.<\/p>\n<p>O resultado foi impulsionado pela vari\u00e1vel de vendas reais, com alta de 1,4%, considerando o ajuste sazonal. Em seguida, est\u00e1 o N\u00edvel de Utiliza\u00e7\u00e3o da Capacidade Instalada (Nuci), que teve varia\u00e7\u00e3o positiva de 0,7 ponto percentual (p.p.), e a vari\u00e1vel de horas trabalhadas na produ\u00e7\u00e3o (0,6%). Na compara\u00e7\u00e3o anual sem tratamento sazonal, o destaque positivo \u00e9 a vari\u00e1vel de vendas reais, com alta de 26,1%. Teve retra\u00e7\u00e3o, por outro lado, o componente de sal\u00e1rio real m\u00e9dio (0,8%).<\/p>\n<p>Em rela\u00e7\u00e3o aos setores pesquisados, a Fiesp destaca o de artigos de borracha e pl\u00e1stico, que teve queda de 1% em fevereiro, j\u00e1 com ajuste sazonal. A varia\u00e7\u00e3o negativa foi influenciada pelo recuo das horas trabalhadas na produ\u00e7\u00e3o (-1,3%), o total de vendas reais (-1,1%) e o Nuci (-0,5 p.p.). O setor de produtos farmac\u00eauticos, por sua vez, subiu 1,5% no m\u00eas. O maior avan\u00e7o ocorreu na vari\u00e1vel de horas trabalhadas (4,7%). O total de vendas reais e o Nuci, por sua vez, recuaram -5,3% e 1,2 p.p., respectivamente.<\/p>\n<p>Expectativa<\/p>\n<p>A Fiesp divulgou tamb\u00e9m a pesquisa Sensor de mar\u00e7o que analisa a expectativa do setor em rela\u00e7\u00e3o \u00e0 atividade industrial para o m\u00eas. O indicador ficou relativamente est\u00e1vel ao subir 0,2 ponto, passando de 52 em fevereiro para 52,2 em mar\u00e7o. Os resultados acima de 50 pontos indicam expectativa de aumento da atividade.<\/p>\n<p>Dos quatro componentes que comp\u00f5em o Sensor, dois tiveram varia\u00e7\u00f5es positivas. A vari\u00e1vel de vendas subiu 1,5 ponto, alcan\u00e7ando a marca de 52,7 pontos em mar\u00e7o. Houve avan\u00e7o tamb\u00e9m no indicador emprego, que passou de 51,7 pontos para 52,1 pontos. Os resultados acima de 50 pontos indicam expectativa de contrata\u00e7\u00f5es.<\/p>\n<p>Houve recuo de 3,3 pontos no indicador de estoques, que em fevereiro marcava 50,7 pontos e agora est\u00e1 em 47,4. Isso indica que os estoques est\u00e3o acima do n\u00edvel desejado. O componente que avalia as condi\u00e7\u00f5es de mercado passou de 56,5 pontos em fevereiro para 55,9 em mar\u00e7o. Esta vari\u00e1vel, no entanto, por estar acima de 50 pontos, indica sensa\u00e7\u00e3o de melhora nas condi\u00e7\u00f5es de mercado.<\/p>\n<p>Edi\u00e7\u00e3o: Davi Oliveira<\/p>\n","protected":false},"excerpt":{"rendered":"<p>O n\u00edvel de atividade da ind\u00fastria da transforma\u00e7\u00e3o paulista avan\u00e7ou 0,8% em fevereiro, na compara\u00e7\u00e3o com o m\u00eas anterior, j\u00e1 com o ajuste sazonal. O dado, divulgado hoje (2), faz parte do Indicador de N\u00edvel de Atividade (INA) da Federa\u00e7\u00e3o das Ind\u00fastrias do Estado de S\u00e3o Paulo (Fiesp). Tamb\u00e9m variou positivamente a s\u00e9rie sem ajuste &hellip;<\/p>\n","protected":false},"author":2,"featured_media":34797,"comment_status":"open","ping_status":"open","sticky":false,"template":"","format":"standard","meta":{"_exactmetrics_skip_tracking":false,"_exactmetrics_sitenote_active":false,"_exactmetrics_sitenote_note":"","_exactmetrics_sitenote_category":0,"footnotes":""},"categories":[4],"tags":[],"_links":{"self":[{"href":"https:\/\/goiasemtempo.com.br\/home\/wp-json\/wp\/v2\/posts\/35101"}],"collection":[{"href":"https:\/\/goiasemtempo.com.br\/home\/wp-json\/wp\/v2\/posts"}],"about":[{"href":"https:\/\/goiasemtempo.com.br\/home\/wp-json\/wp\/v2\/types\/post"}],"author":[{"embeddable":true,"href":"https:\/\/goiasemtempo.com.br\/home\/wp-json\/wp\/v2\/users\/2"}],"replies":[{"embeddable":true,"href":"https:\/\/goiasemtempo.com.br\/home\/wp-json\/wp\/v2\/comments?post=35101"}],"version-history":[{"count":1,"href":"https:\/\/goiasemtempo.com.br\/home\/wp-json\/wp\/v2\/posts\/35101\/revisions"}],"predecessor-version":[{"id":35102,"href":"https:\/\/goiasemtempo.com.br\/home\/wp-json\/wp\/v2\/posts\/35101\/revisions\/35102"}],"wp:featuredmedia":[{"embeddable":true,"href":"https:\/\/goiasemtempo.com.br\/home\/wp-json\/wp\/v2\/media\/34797"}],"wp:attachment":[{"href":"https:\/\/goiasemtempo.com.br\/home\/wp-json\/wp\/v2\/media?parent=35101"}],"wp:term":[{"taxonomy":"category","embeddable":true,"href":"https:\/\/goiasemtempo.com.br\/home\/wp-json\/wp\/v2\/categories?post=35101"},{"taxonomy":"post_tag","embeddable":true,"href":"https:\/\/goiasemtempo.com.br\/home\/wp-json\/wp\/v2\/tags?post=35101"}],"curies":[{"name":"wp","href":"https:\/\/api.w.org\/{rel}","templated":true}]}}