{"id":35085,"date":"2018-04-06T02:47:36","date_gmt":"2018-04-06T02:47:36","guid":{"rendered":"https:\/\/goiasemtempo.com.br\/home\/?p=35085"},"modified":"2018-04-06T02:47:36","modified_gmt":"2018-04-06T02:47:36","slug":"aneel-autoriza-aumento-na-conta-de-luz-para-consumidores-de-mt-e-ms","status":"publish","type":"post","link":"https:\/\/goiasemtempo.com.br\/home\/aneel-autoriza-aumento-na-conta-de-luz-para-consumidores-de-mt-e-ms\/","title":{"rendered":"Aneel autoriza aumento na conta de luz para consumidores de MT e MS"},"content":{"rendered":"<p>A Aneel (Ag\u00eancia Nacional de Energia El\u00e9trica) aprovou hoje o reajuste nas contas de energia el\u00e9trica para consumidores dos estados de Mato Grosso e Mato Grosso do Sul. as novas tarifas passam a valer a partir do pr\u00f3ximo domingo e v\u00e3o atingir um total de 2,3 milh\u00f5es de unidades consumidoras em 314 munic\u00edpios nos dois estados.<\/p>\n<p>Para os consumidores atendidos pela Energisa Mato Grosso do Sul (EMS), o reajuste m\u00e9dio nas tarifas ser\u00e1 de 9,87%. Para os consumidores residenciais das zonas urbana e rural, atendidos pela baixa tens\u00e3o, o aumento alcan\u00e7ar\u00e1 10,65%. J\u00e1 as grandes empresas, que usam a rede de alta-tens\u00e3o, ter\u00e3o aumento de 7,91%. <\/p>\n<p>O reajuste faz parte da revis\u00e3o tarifaria da concession\u00e1ria, que ocorre periodicamente a cada cinco anos, segundo o contrato firmado na d\u00e9cada de 1997. A EMS atende a maioria das cidades de Mato Grosso do Sul, atingindo um milh\u00e3o de unidades consumidoras em 73 munic\u00edpios do estado.<\/p>\n<p>J\u00e1 em Mato Grosso, o reajuste ocorrer\u00e1 para os consumidores atendidos pela Energisa Mato Grosso (EMT). A empresa atende a 1,3 milh\u00e3o de unidades consumidoras em 141 munic\u00edpios de Mato Grosso. Para estes consumidores, a Aneel autorizou o aumento m\u00e9dio de 11,53% nas contas de luz.<\/p>\n<p>As unidades do estado atendidas pela alta-tens\u00e3o ter\u00e3o reajuste com efeito m\u00e9dio de 5,94%. J\u00e1 para as unidades residenciais, o percentual \u00e9 mais que o dobro. Para estes consumidores, o reajuste m\u00e9dio alcan\u00e7ar\u00e1 13,98%.<\/p>\n<p>Edi\u00e7\u00e3o: Davi Oliveira<\/p>\n","protected":false},"excerpt":{"rendered":"<p>A Aneel (Ag\u00eancia Nacional de Energia El\u00e9trica) aprovou hoje o reajuste nas contas de energia el\u00e9trica para consumidores dos estados de Mato Grosso e Mato Grosso do Sul. as novas tarifas passam a valer a partir do pr\u00f3ximo domingo e v\u00e3o atingir um total de 2,3 milh\u00f5es de unidades consumidoras em 314 munic\u00edpios nos dois &hellip;<\/p>\n","protected":false},"author":2,"featured_media":34789,"comment_status":"open","ping_status":"open","sticky":false,"template":"","format":"standard","meta":{"_exactmetrics_skip_tracking":false,"_exactmetrics_sitenote_active":false,"_exactmetrics_sitenote_note":"","_exactmetrics_sitenote_category":0,"footnotes":""},"categories":[4],"tags":[],"_links":{"self":[{"href":"https:\/\/goiasemtempo.com.br\/home\/wp-json\/wp\/v2\/posts\/35085"}],"collection":[{"href":"https:\/\/goiasemtempo.com.br\/home\/wp-json\/wp\/v2\/posts"}],"about":[{"href":"https:\/\/goiasemtempo.com.br\/home\/wp-json\/wp\/v2\/types\/post"}],"author":[{"embeddable":true,"href":"https:\/\/goiasemtempo.com.br\/home\/wp-json\/wp\/v2\/users\/2"}],"replies":[{"embeddable":true,"href":"https:\/\/goiasemtempo.com.br\/home\/wp-json\/wp\/v2\/comments?post=35085"}],"version-history":[{"count":1,"href":"https:\/\/goiasemtempo.com.br\/home\/wp-json\/wp\/v2\/posts\/35085\/revisions"}],"predecessor-version":[{"id":35086,"href":"https:\/\/goiasemtempo.com.br\/home\/wp-json\/wp\/v2\/posts\/35085\/revisions\/35086"}],"wp:featuredmedia":[{"embeddable":true,"href":"https:\/\/goiasemtempo.com.br\/home\/wp-json\/wp\/v2\/media\/34789"}],"wp:attachment":[{"href":"https:\/\/goiasemtempo.com.br\/home\/wp-json\/wp\/v2\/media?parent=35085"}],"wp:term":[{"taxonomy":"category","embeddable":true,"href":"https:\/\/goiasemtempo.com.br\/home\/wp-json\/wp\/v2\/categories?post=35085"},{"taxonomy":"post_tag","embeddable":true,"href":"https:\/\/goiasemtempo.com.br\/home\/wp-json\/wp\/v2\/tags?post=35085"}],"curies":[{"name":"wp","href":"https:\/\/api.w.org\/{rel}","templated":true}]}}