{"id":35011,"date":"2018-04-06T02:15:53","date_gmt":"2018-04-06T02:15:53","guid":{"rendered":"https:\/\/goiasemtempo.com.br\/home\/?p=35011"},"modified":"2018-04-06T02:15:53","modified_gmt":"2018-04-06T02:15:53","slug":"camara-confirma-devolucao-de-apartamento-funcional-usado-por-maluf","status":"publish","type":"post","link":"https:\/\/goiasemtempo.com.br\/home\/camara-confirma-devolucao-de-apartamento-funcional-usado-por-maluf\/","title":{"rendered":"C\u00e2mara confirma devolu\u00e7\u00e3o de apartamento funcional usado por Maluf"},"content":{"rendered":"<p>A C\u00e2mara dos Deputados confirmou, nesta ter\u00e7a-feira (3), que assessores do deputado federal Paulo Maluf (PP-SP) devolveram as chaves do apartamento funcional usado pelo parlamentar, que foi afastado do mandato no final do ano passado, ap\u00f3s ter tido pris\u00e3o decretada pelo Supremo Tribunal Federal (STF). Segundo a assessoria da Casa, a vistoria realizada n\u00e3o constatou nenhum problema no im\u00f3vel. O prazo para a devolu\u00e7\u00e3o havia vencido no dia 20 de fevereiro e o deputado chegou a receber duas notifica\u00e7\u00f5es para desocupa\u00e7\u00e3o do apartamento de quatro quartos, localizado na Asa Sul, bairro nobre de Bras\u00edlia.<\/p>\n<p>Em fun\u00e7\u00e3o do atraso, ser\u00e1 aplicada uma multa por dia de perman\u00eancia al\u00e9m do prazo, que \u00e9 calculada de forma proporcional ao valor do aux\u00edlio-moradia (R$ 4.253 mensais). A cobran\u00e7a deve ser de pouco mais de R$ 10 mil, j\u00e1 que foram cerca de 70 dias de atraso na devolu\u00e7\u00e3o do im\u00f3vel. Ainda segundo a C\u00e2mara, caso o apartamento n\u00e3o tivesse sido desocupado ap\u00f3s as notifica\u00e7\u00f5es, a C\u00e2mara dos Deputados acionaria a Advocacia-Geral da Uni\u00e3o (AGU) para ingressar com uma a\u00e7\u00e3o de reintegra\u00e7\u00e3o de posse. Procurada pela Ag\u00eancia Brasil, a defesa de Paulo Maluf n\u00e3o havia se manifestado at\u00e9 o fechamento da mat\u00e9ria.<\/p>\n<p>Pris\u00e3o domiciliar<\/p>\n<p>Paulo Maluf foi transferido de Bras\u00edlia para S\u00e3o Paulo na sexta-feira passada (30), para cumprir a pris\u00e3o domiciliar concedida pelo ministro Dias Toffoli, do STF. O deputado estava cumprindo pena definitiva no pres\u00eddio da Papuda, em Bras\u00edlia, por ter sido condenado pela Segunda Turma do Supremo pelo crime de lavagem de dinheiro. Ele foi acusado pelo Minist\u00e9rio P\u00fablico Federal (MPF) de ter recebido propina em contratos p\u00fablicos com as empreiteiras Mendes J\u00fanior e OAS quando era prefeito de S\u00e3o Paulo (1993-1996). Os recursos foram desviados da constru\u00e7\u00e3o da Avenida \u00c1gua Espraiada, hoje chamada Avenida Roberto Marinho, de acordo com a den\u00fancia. O custo total da obra foi cerca de R$ 800 milh\u00f5es.<\/p>\n<p>Edi\u00e7\u00e3o: Davi Oliveira<\/p>\n","protected":false},"excerpt":{"rendered":"<p>A C\u00e2mara dos Deputados confirmou, nesta ter\u00e7a-feira (3), que assessores do deputado federal Paulo Maluf (PP-SP) devolveram as chaves do apartamento funcional usado pelo parlamentar, que foi afastado do mandato no final do ano passado, ap\u00f3s ter tido pris\u00e3o decretada pelo Supremo Tribunal Federal (STF). Segundo a assessoria da Casa, a vistoria realizada n\u00e3o constatou &hellip;<\/p>\n","protected":false},"author":2,"featured_media":34752,"comment_status":"open","ping_status":"open","sticky":false,"template":"","format":"standard","meta":{"footnotes":""},"categories":[4],"tags":[],"class_list":["post-35011","post","type-post","status-publish","format-standard","has-post-thumbnail","hentry","category-ultimas-noticias"],"_links":{"self":[{"href":"https:\/\/goiasemtempo.com.br\/home\/wp-json\/wp\/v2\/posts\/35011","targetHints":{"allow":["GET"]}}],"collection":[{"href":"https:\/\/goiasemtempo.com.br\/home\/wp-json\/wp\/v2\/posts"}],"about":[{"href":"https:\/\/goiasemtempo.com.br\/home\/wp-json\/wp\/v2\/types\/post"}],"author":[{"embeddable":true,"href":"https:\/\/goiasemtempo.com.br\/home\/wp-json\/wp\/v2\/users\/2"}],"replies":[{"embeddable":true,"href":"https:\/\/goiasemtempo.com.br\/home\/wp-json\/wp\/v2\/comments?post=35011"}],"version-history":[{"count":1,"href":"https:\/\/goiasemtempo.com.br\/home\/wp-json\/wp\/v2\/posts\/35011\/revisions"}],"predecessor-version":[{"id":35012,"href":"https:\/\/goiasemtempo.com.br\/home\/wp-json\/wp\/v2\/posts\/35011\/revisions\/35012"}],"wp:featuredmedia":[{"embeddable":true,"href":"https:\/\/goiasemtempo.com.br\/home\/wp-json\/wp\/v2\/media\/34752"}],"wp:attachment":[{"href":"https:\/\/goiasemtempo.com.br\/home\/wp-json\/wp\/v2\/media?parent=35011"}],"wp:term":[{"taxonomy":"category","embeddable":true,"href":"https:\/\/goiasemtempo.com.br\/home\/wp-json\/wp\/v2\/categories?post=35011"},{"taxonomy":"post_tag","embeddable":true,"href":"https:\/\/goiasemtempo.com.br\/home\/wp-json\/wp\/v2\/tags?post=35011"}],"curies":[{"name":"wp","href":"https:\/\/api.w.org\/{rel}","templated":true}]}}