{"id":34987,"date":"2018-04-06T02:05:40","date_gmt":"2018-04-06T02:05:40","guid":{"rendered":"https:\/\/goiasemtempo.com.br\/home\/?p=34987"},"modified":"2018-04-06T02:05:40","modified_gmt":"2018-04-06T02:05:40","slug":"governo-envia-equipes-da-fesma-para-atendimento-de-familias-atingidas-pelas-fortes-chuvas-em-maraja-do-sena-2","status":"publish","type":"post","link":"https:\/\/goiasemtempo.com.br\/home\/governo-envia-equipes-da-fesma-para-atendimento-de-familias-atingidas-pelas-fortes-chuvas-em-maraja-do-sena-2\/","title":{"rendered":"Governo envia equipes da Fesma para atendimento de fam\u00edlias atingidas pelas fortes chuvas em Maraj\u00e1 do Sena"},"content":{"rendered":"<p>Tr\u00eas equipes da For\u00e7a Estadual de Sa\u00fade (Fesma) ser\u00e3o deslocada para a cidade de Maraj\u00e1 do Sena, na regi\u00e3o do vale do Pindar\u00e9, para auxiliar no apoio as fam\u00edlias que foram atingidas e ficaram desabrigadas ap\u00f3s as fortes chuvas da \u00faltima sexta-feira (30).<\/p>\n<p>A medida foi tomada ap\u00f3s a an\u00e1lise in loco das necessidades da popula\u00e7\u00e3o de Maraj\u00e1 do Sena, como explica o secret\u00e1rio de Estado de Pol\u00edticas P\u00fablicas, Marcos Pacheco.<\/p>\n<p>\u201cEncontramos a cidade j\u00e1 com a \u00e1gua bem rebaixada, mas com muita lama dentro das casas. Algo em torno de cem casas destru\u00eddas, portanto, muitas fam\u00edlias sem condi\u00e7\u00f5es de retornar para suas casas\u201d, explica Marcos Pacheco.<\/p>\n<p>Munic\u00edpio integrantes do Plano Mais IDH, programa desenvolvido pelo Governo do Estado para melhorar indicadores nas cidades com menor \u00cdndice de Desenvolvimento Humano (IDH), Maraj\u00e1 do Sena j\u00e1 conta com uma equipe permanente da Fesma e vai receber o aux\u00edlio de outras equipes com m\u00e9dicos e enfermeiros, que v\u00e3o prestar atendimento m\u00e9dico e preventivo aos atingidos pela enxurrada.<\/p>\n<p>\u201cEstamos enviando tr\u00eas equipes da For\u00e7a Estadual de Sa\u00fade, cuja miss\u00e3o e prioridade \u00e9 prestar assist\u00eancia, sobretudo \u00e0s fam\u00edlias que est\u00e3o desalojadas (em casas de amigos e parentes) e que possam vir a apresentar algum agravo \u00e0 sua sa\u00fade, desde viroses, comuns nessas situa\u00e7\u00f5es, ou doen\u00e7as febris ou diarreias\u201d, conta o secret\u00e1rio.<\/p>\n<p>As equipes de sa\u00fade ficar\u00e3o respons\u00e1veis por a\u00e7\u00f5es de imuniza\u00e7\u00e3o, mas tamb\u00e9m por instruir os moradores e agentes de sa\u00fade locais sobre a import\u00e2ncia da aten\u00e7\u00e3o a sinais e sintomas como febre de in\u00edcio s\u00fabito, cefaleia, mialgia, v\u00f4mitos, prostra\u00e7\u00e3o, diarreias, dispn\u00e9ia e ferimentos, muito comuns em situa\u00e7\u00f5es de inunda\u00e7\u00f5es.<\/p>\n<p>\u201cMuito importante monitorar os grupos populacionais mais vulner\u00e1veis, como crian\u00e7as, gestantes e idosos. Al\u00e9m disso, v\u00e3o executar a\u00e7\u00f5es de vigil\u00e2ncia sanit\u00e1ria, ambiental e epidemiol\u00f3gica, com objetivo de detectar precocemente qualquer agravo emergente, buscando reduzir danos e controlar riscos decorrente da situa\u00e7\u00e3o\u201d, completa Marcos Pacheco.<\/p>\n<p>Os moradores de Maraj\u00e1 do Sena tamb\u00e9m receber\u00e3o orienta\u00e7\u00e3o quanto aos cuidados com a \u00e1gua para consumo, limpeza dos reservat\u00f3rios dom\u00e9sticos de \u00e1gua, uso de soro caseiro e sais de reidrata\u00e7\u00e3o oral, cuidados com o manuseio dos alimentos e uso de prote\u00e7\u00e3o individual para trabalhadores, medias que buscam combater doen\u00e7as como leptospirose, hepatite viral A, febre tifoide, arboviroses (dengue, zika e chikungunya), t\u00e9tano, difteria, gripe, dermatites, al\u00e9m de acidentes por animais pe\u00e7onhentos, doen\u00e7as diarr\u00e9icas e as infecciosas respirat\u00f3rias.<\/p>\n<p>Necessidade<\/p>\n<p>Caso as equipes deslocadas para Maraj\u00e1 do Sena percebam a necessidade de mais ajuda, outras equipes tamb\u00e9m podem ser deslocadas para apoiar os desabrigados.<\/p>\n<p>\u201cDeixamos as equipes de Lagoa Grande, S\u00e3o Roberto e S\u00e3o Raimundo do Doca Bezerra, todos da regional de Pedreiras, de sobreaviso, caso haja a necessidade de envio de mais profissionais\u201d, informou a coordenadora da Fesma, Waldeise Pereira.<\/p>\n<p>A\u00e7\u00f5es do Governo<\/p>\n<p>Logo no in\u00edcio deste s\u00e1bado (31), as equipes do Governo do Estado levaram uma s\u00e9rie de a\u00e7\u00f5es ao munic\u00edpio. Incluindo a recupera\u00e7\u00e3o da via terrestre at\u00e9 a sede, pontes que ligam povoados \u00e0 sede, doa\u00e7\u00e3o de cestas b\u00e1sicas, gal\u00f5es de \u00e1gua mineral e carros pipa.<\/p>\n","protected":false},"excerpt":{"rendered":"<p>Tr\u00eas equipes da For\u00e7a Estadual de Sa\u00fade (Fesma) ser\u00e3o deslocada para a cidade de Maraj\u00e1 do Sena, na regi\u00e3o do vale do Pindar\u00e9, para auxiliar no apoio as fam\u00edlias que foram atingidas e ficaram desabrigadas ap\u00f3s as fortes chuvas da \u00faltima sexta-feira (30). A medida foi tomada ap\u00f3s a an\u00e1lise in loco das necessidades da &hellip;<\/p>\n","protected":false},"author":2,"featured_media":34740,"comment_status":"open","ping_status":"open","sticky":false,"template":"","format":"standard","meta":{"_exactmetrics_skip_tracking":false,"_exactmetrics_sitenote_active":false,"_exactmetrics_sitenote_note":"","_exactmetrics_sitenote_category":0,"footnotes":""},"categories":[4],"tags":[],"_links":{"self":[{"href":"https:\/\/goiasemtempo.com.br\/home\/wp-json\/wp\/v2\/posts\/34987"}],"collection":[{"href":"https:\/\/goiasemtempo.com.br\/home\/wp-json\/wp\/v2\/posts"}],"about":[{"href":"https:\/\/goiasemtempo.com.br\/home\/wp-json\/wp\/v2\/types\/post"}],"author":[{"embeddable":true,"href":"https:\/\/goiasemtempo.com.br\/home\/wp-json\/wp\/v2\/users\/2"}],"replies":[{"embeddable":true,"href":"https:\/\/goiasemtempo.com.br\/home\/wp-json\/wp\/v2\/comments?post=34987"}],"version-history":[{"count":1,"href":"https:\/\/goiasemtempo.com.br\/home\/wp-json\/wp\/v2\/posts\/34987\/revisions"}],"predecessor-version":[{"id":34988,"href":"https:\/\/goiasemtempo.com.br\/home\/wp-json\/wp\/v2\/posts\/34987\/revisions\/34988"}],"wp:featuredmedia":[{"embeddable":true,"href":"https:\/\/goiasemtempo.com.br\/home\/wp-json\/wp\/v2\/media\/34740"}],"wp:attachment":[{"href":"https:\/\/goiasemtempo.com.br\/home\/wp-json\/wp\/v2\/media?parent=34987"}],"wp:term":[{"taxonomy":"category","embeddable":true,"href":"https:\/\/goiasemtempo.com.br\/home\/wp-json\/wp\/v2\/categories?post=34987"},{"taxonomy":"post_tag","embeddable":true,"href":"https:\/\/goiasemtempo.com.br\/home\/wp-json\/wp\/v2\/tags?post=34987"}],"curies":[{"name":"wp","href":"https:\/\/api.w.org\/{rel}","templated":true}]}}