{"id":34542,"date":"2018-04-03T17:16:56","date_gmt":"2018-04-03T17:16:56","guid":{"rendered":"https:\/\/goiasemtempo.com.br\/home\/?p=34542"},"modified":"2018-04-03T17:16:56","modified_gmt":"2018-04-03T17:16:56","slug":"minas-gerais-amplia-cooperacao-com-agencia-francesa-para-projetos-ambientais","status":"publish","type":"post","link":"https:\/\/goiasemtempo.com.br\/home\/minas-gerais-amplia-cooperacao-com-agencia-francesa-para-projetos-ambientais\/","title":{"rendered":"Minas Gerais amplia coopera\u00e7\u00e3o com ag\u00eancia francesa para projetos ambientais"},"content":{"rendered":"<p>O Governo de Minas Gerais iniciar\u00e1 um novo projeto de coopera\u00e7\u00e3o com a Fran\u00e7a, na \u00e1rea de mudan\u00e7as clim\u00e1ticas. Trata-se de um apoio t\u00e9cnico prestado pela Ag\u00eancia Francesa de Desenvolvimento (AFD) para elabora\u00e7\u00e3o e implementa\u00e7\u00e3o de uma ferramenta de apoio aos munic\u00edpios mineiros para desenvolvimento de baixo carbono e sua adapta\u00e7\u00e3o \u00e0s mudan\u00e7as clim\u00e1ticas.<\/p>\n<p>Na pr\u00e1tica, o mecanismo significa a ado\u00e7\u00e3o de atitudes sustent\u00e1veis para a redu\u00e7\u00e3o de emiss\u00f5es de gases de efeito estufa e para a redu\u00e7\u00e3o do risco de desastres naturais.<\/p>\n<p>A novidade foi apresentada aos integrantes da C\u00e2mara de Pol\u00edticas de Energia e Mudan\u00e7as Clim\u00e1ticas (CEM) do Conselho Estadual de Pol\u00edtica Ambiental (Copam). A analista ambiental da Funda\u00e7\u00e3o Estadual do Meio Ambiente (Feam), Sarah Gusm\u00e3o, explica que a proposta prev\u00ea investimento de \u00a3 50 mil euros at\u00e9 o fim de 2019, em a\u00e7\u00f5es que devem envolver 10 munic\u00edpios.<\/p>\n<p>A parceria tem o objetivo de apoiar pol\u00edticas municipais de combate \u00e0s altera\u00e7\u00f5es do clima. As cidades devem ter suporte t\u00e9cnico para que desenvolvam e implementem suas pol\u00edticas e a\u00e7\u00f5es contra as mudan\u00e7as clim\u00e1ticas. \u201cO trabalho prev\u00ea a simplifica\u00e7\u00e3o do tema para que os munic\u00edpios possam inseri-lo no seu cotidiano\u201d, explica o gerente de Energia e Mudan\u00e7as Clim\u00e1ticas da Feam, Felipe Nunes.<\/p>\n<p>Outra novidade que o Governo de Minas Gerais est\u00e1 desenvolvendo e que tamb\u00e9m j\u00e1 foi apresentada aos conselheiros \u00e9 a parceria para uso de ferramentas de reporte de emiss\u00f5es de gases de efeito estufa voltada \u00e0 sua cadeia de fornecedores.<\/p>\n<p>Um exemplo \u00e9 a utiliza\u00e7\u00e3o da ferramenta Carbon Disclosure Program (CDP) &#8211; Programa de Divulga\u00e7\u00e3o de Carbono -, um sistema internacional de divulga\u00e7\u00e3o de dados ambientais que informa emiss\u00f5es e utiliza programas na busca de solu\u00e7\u00f5es para a quest\u00e3o das mudan\u00e7as clim\u00e1ticas.<\/p>\n<p>Processos legislativos<\/p>\n<p>Ainda na reuni\u00e3o da CEM, os conselheiros foram informados quanto ao andamento do Projeto de Lei n\u00ba 4.975, de 2018, que institui a Pol\u00edtica Estadual de Combate \u00e0s Mudan\u00e7as Clim\u00e1ticas. A norma tramita na Assembleia Legislativa de Minas Gerais (ALMG) desde o dia 27 de fevereiro deste ano, data em que foi enviada pelo governador Fernando Pimentel.<\/p>\n<p>No momento, a proposta est\u00e1 em fase de consulta p\u00fablica. O PL est\u00e1 dispon\u00edvel no site da Assembleia, na \u00e1rea de atividade parlamentar, e todos podem contribuir sobre o tema.<\/p>\n<p>Atualmente, 15 estados brasileiros t\u00eam pol\u00edticas pr\u00f3prias relacionadas \u00e0s mudan\u00e7as clim\u00e1ticas, em conson\u00e2ncia com a Lei Federal. A analista ambiental da Feam, Morjana dos Anjos, explica que Minas Gerais j\u00e1 possui um F\u00f3rum Estadual que re\u00fane diversas organiza\u00e7\u00f5es para tratar do assunto.<\/p>\n<p>Morjana tamb\u00e9m observa que as quest\u00f5es relacionadas \u00e0s mudan\u00e7as clim\u00e1ticas est\u00e3o intrinsecamente ligadas ao desenvolvimento, \u00e0 infraestrutura e \u00e0 gera\u00e7\u00e3o de energia.<\/p>\n<p>\u201cO Brasil tem metas ambiciosas para redu\u00e7\u00e3o de emiss\u00e3o dos gases de efeito estufa, que causam as mudan\u00e7as clim\u00e1ticas. \u00c9 esperada a redu\u00e7\u00e3o de 37% at\u00e9 2025 e de 43% at\u00e9 2030, tendo como base o ano de 2005\u201d, afirma a analista.<\/p>\n<p>A meta estadual atua como apoio \u00e0 Contribui\u00e7\u00e3o Nacionalmente Determinada (NDC), meta federal firmada entre diversos pa\u00edses no Acordo de Paris, durante a COP 21.<\/p>\n<p>Ainda durante a reuni\u00e3o no CEM, foi apresenta a minuta de decreto do Programa Estadual de Registro P\u00fablico de Gases de Efeito Estufa. O documento \u00e9 resultado de discuss\u00f5es sobre o Registro P\u00fablico das Emiss\u00f5es Anuais de Gases de Efeito Estufa de Empreendimentos no Estado, programa que tem por finalidade estimular a pr\u00e1tica sistem\u00e1tica de declara\u00e7\u00f5es dessas emiss\u00f5es.<\/p>\n<p>A minuta prop\u00f5e a altera\u00e7\u00e3o do decreto n\u00ba 45.229 de 2009, que regulamenta medidas do Poder P\u00fablico referentes ao combate \u00e0s mudan\u00e7as clim\u00e1ticas e gest\u00e3o de emiss\u00f5es de gases de efeito estufa, explica a analista ambiental da Feam, Larissa Assun\u00e7\u00e3o.<\/p>\n<p>Ao final do encontro, os conselheiros propuseram o envio de uma mo\u00e7\u00e3o ao Presidente da Assembleia Legislativa de Minas Gerais, ao Presidente do Copam e ao secret\u00e1rio de Estado de Casa Civil e de Rela\u00e7\u00f5es Institucionais para dar celeridade aos processos legislativos de altera\u00e7\u00e3o do Decreto 45.229 de 2009 e aprova\u00e7\u00e3o do Projeto de Lei que institui a Pol\u00edtica Estadual de Combate \u00e0s Mudan\u00e7as Clim\u00e1ticas.<\/p>\n","protected":false},"excerpt":{"rendered":"<p>O Governo de Minas Gerais iniciar\u00e1 um novo projeto de coopera\u00e7\u00e3o com a Fran\u00e7a, na \u00e1rea de mudan\u00e7as clim\u00e1ticas. Trata-se de um apoio t\u00e9cnico prestado pela Ag\u00eancia Francesa de Desenvolvimento (AFD) para elabora\u00e7\u00e3o e implementa\u00e7\u00e3o de uma ferramenta de apoio aos munic\u00edpios mineiros para desenvolvimento de baixo carbono e sua adapta\u00e7\u00e3o \u00e0s mudan\u00e7as clim\u00e1ticas. Na &hellip;<\/p>\n","protected":false},"author":2,"featured_media":34130,"comment_status":"open","ping_status":"open","sticky":false,"template":"","format":"standard","meta":{"_exactmetrics_skip_tracking":false,"_exactmetrics_sitenote_active":false,"_exactmetrics_sitenote_note":"","_exactmetrics_sitenote_category":0,"footnotes":""},"categories":[4],"tags":[],"_links":{"self":[{"href":"https:\/\/goiasemtempo.com.br\/home\/wp-json\/wp\/v2\/posts\/34542"}],"collection":[{"href":"https:\/\/goiasemtempo.com.br\/home\/wp-json\/wp\/v2\/posts"}],"about":[{"href":"https:\/\/goiasemtempo.com.br\/home\/wp-json\/wp\/v2\/types\/post"}],"author":[{"embeddable":true,"href":"https:\/\/goiasemtempo.com.br\/home\/wp-json\/wp\/v2\/users\/2"}],"replies":[{"embeddable":true,"href":"https:\/\/goiasemtempo.com.br\/home\/wp-json\/wp\/v2\/comments?post=34542"}],"version-history":[{"count":1,"href":"https:\/\/goiasemtempo.com.br\/home\/wp-json\/wp\/v2\/posts\/34542\/revisions"}],"predecessor-version":[{"id":34543,"href":"https:\/\/goiasemtempo.com.br\/home\/wp-json\/wp\/v2\/posts\/34542\/revisions\/34543"}],"wp:featuredmedia":[{"embeddable":true,"href":"https:\/\/goiasemtempo.com.br\/home\/wp-json\/wp\/v2\/media\/34130"}],"wp:attachment":[{"href":"https:\/\/goiasemtempo.com.br\/home\/wp-json\/wp\/v2\/media?parent=34542"}],"wp:term":[{"taxonomy":"category","embeddable":true,"href":"https:\/\/goiasemtempo.com.br\/home\/wp-json\/wp\/v2\/categories?post=34542"},{"taxonomy":"post_tag","embeddable":true,"href":"https:\/\/goiasemtempo.com.br\/home\/wp-json\/wp\/v2\/tags?post=34542"}],"curies":[{"name":"wp","href":"https:\/\/api.w.org\/{rel}","templated":true}]}}