{"id":34514,"date":"2018-04-03T17:04:37","date_gmt":"2018-04-03T17:04:37","guid":{"rendered":"https:\/\/goiasemtempo.com.br\/home\/?p=34514"},"modified":"2018-04-03T17:04:37","modified_gmt":"2018-04-03T17:04:37","slug":"transito-tem-retencoes-na-volta-ao-rio-depois-dos-feriados-da-pascoa","status":"publish","type":"post","link":"https:\/\/goiasemtempo.com.br\/home\/transito-tem-retencoes-na-volta-ao-rio-depois-dos-feriados-da-pascoa\/","title":{"rendered":"Tr\u00e2nsito tem reten\u00e7\u00f5es na volta ao Rio depois dos feriados da P\u00e1scoa"},"content":{"rendered":"<p>Cariocas que viajaram para passar o fim de semana prolongado pela P\u00e1scoa em outras cidades j\u00e1 encontram reten\u00e7\u00f5es, na viagem de volta, nas rodovias de acesso ao Rio de Janeiro.<\/p>\n<p>Na Ponte Rio-Niter\u00f3i, a pista sentido Rio de Janeiro tinha tr\u00e2nsito lento pr\u00f3ximo ao v\u00e3o central e na descida da ponte, \u00e0s 13h30 deste domingo. O engarrafamento n\u00e3o chegava a causar grandes transtornos. O trajeto, normalmente feito em 13 minutos, estava consumindo 16 minutos.<\/p>\n<p>Na Rodovia Niter\u00f3i-Manilha (BR-101), no mesmo hor\u00e1rio, havia tr\u00eas pontos de reten\u00e7\u00e3o na pista sentido Rio, que somavam mais de dez quil\u00f4metros de engarrafamento. O trecho mais complicado era em S\u00e3o Gon\u00e7alo, entre os quil\u00f4metros 300 e 308.<\/p>\n<p>Os outros trechos de engarrafamento eram Rio Bonito (km 296 ao 299) e Itabora\u00ed (km 295 ao 296). Segundo a Pol\u00edcia Rodovi\u00e1ria Federal, tamb\u00e9m havia reten\u00e7\u00f5es na Rio-Santos (BR-101), na pista sentido Rio, em Muriqui, em Mangaratiba (at\u00e9 a reserva do Sa\u00ed) e em Concei\u00e7\u00e3o de Jacare\u00ed at\u00e9 o Resort PortoBello.<\/p>\n<p>Edi\u00e7\u00e3o: Kleber Sampaio<\/p>\n","protected":false},"excerpt":{"rendered":"<p>Cariocas que viajaram para passar o fim de semana prolongado pela P\u00e1scoa em outras cidades j\u00e1 encontram reten\u00e7\u00f5es, na viagem de volta, nas rodovias de acesso ao Rio de Janeiro. Na Ponte Rio-Niter\u00f3i, a pista sentido Rio de Janeiro tinha tr\u00e2nsito lento pr\u00f3ximo ao v\u00e3o central e na descida da ponte, \u00e0s 13h30 deste domingo. &hellip;<\/p>\n","protected":false},"author":2,"featured_media":34015,"comment_status":"open","ping_status":"open","sticky":false,"template":"","format":"standard","meta":{"_exactmetrics_skip_tracking":false,"_exactmetrics_sitenote_active":false,"_exactmetrics_sitenote_note":"","_exactmetrics_sitenote_category":0,"footnotes":""},"categories":[4],"tags":[],"_links":{"self":[{"href":"https:\/\/goiasemtempo.com.br\/home\/wp-json\/wp\/v2\/posts\/34514"}],"collection":[{"href":"https:\/\/goiasemtempo.com.br\/home\/wp-json\/wp\/v2\/posts"}],"about":[{"href":"https:\/\/goiasemtempo.com.br\/home\/wp-json\/wp\/v2\/types\/post"}],"author":[{"embeddable":true,"href":"https:\/\/goiasemtempo.com.br\/home\/wp-json\/wp\/v2\/users\/2"}],"replies":[{"embeddable":true,"href":"https:\/\/goiasemtempo.com.br\/home\/wp-json\/wp\/v2\/comments?post=34514"}],"version-history":[{"count":1,"href":"https:\/\/goiasemtempo.com.br\/home\/wp-json\/wp\/v2\/posts\/34514\/revisions"}],"predecessor-version":[{"id":34515,"href":"https:\/\/goiasemtempo.com.br\/home\/wp-json\/wp\/v2\/posts\/34514\/revisions\/34515"}],"wp:featuredmedia":[{"embeddable":true,"href":"https:\/\/goiasemtempo.com.br\/home\/wp-json\/wp\/v2\/media\/34015"}],"wp:attachment":[{"href":"https:\/\/goiasemtempo.com.br\/home\/wp-json\/wp\/v2\/media?parent=34514"}],"wp:term":[{"taxonomy":"category","embeddable":true,"href":"https:\/\/goiasemtempo.com.br\/home\/wp-json\/wp\/v2\/categories?post=34514"},{"taxonomy":"post_tag","embeddable":true,"href":"https:\/\/goiasemtempo.com.br\/home\/wp-json\/wp\/v2\/tags?post=34514"}],"curies":[{"name":"wp","href":"https:\/\/api.w.org\/{rel}","templated":true}]}}