{"id":34494,"date":"2018-04-03T16:55:51","date_gmt":"2018-04-03T16:55:51","guid":{"rendered":"https:\/\/goiasemtempo.com.br\/home\/?p=34494"},"modified":"2018-04-03T16:55:51","modified_gmt":"2018-04-03T16:55:51","slug":"governador-russo-renuncia-apos-incendio-devastador-em-shopping","status":"publish","type":"post","link":"https:\/\/goiasemtempo.com.br\/home\/governador-russo-renuncia-apos-incendio-devastador-em-shopping\/","title":{"rendered":"Governador russo renuncia ap\u00f3s inc\u00eandio devastador em shopping"},"content":{"rendered":"<p>O governador da regi\u00e3o de Kemerovo, na Sib\u00e9ria ocidental, Aman Tuleyev, anunciou neste domingo sua ren\u00fancia, uma semana depois do inc\u00eandio em um shopping center que matou 64 pessoas, em sua maioria crian\u00e7as.<\/p>\n<p>O presidente russo Vladimir Putin aceitou a ren\u00fancia de Tuleyev, informou o Kremlin.<\/p>\n<p>Aman Tuleyev anunciou no in\u00edcio da manh\u00e3 o envio da carta de demiss\u00e3o.<\/p>\n<p>Apresentei minha carta de demiss\u00e3o ao presidente Vladimir Putin, afirmou em um v\u00eddeo de tr\u00eas minutos divulgado por seu gabinete.<\/p>\n<p>Uma elei\u00e7\u00e3o para definir o novo governador da regi\u00e3o de Kemerovo ser\u00e1 organizada em setembro.<\/p>\n<p>Tuleyev, 73 anos, que governava desde 1997 esta regi\u00e3o rica em minas de carv\u00e3o, afirmou que n\u00e3o poderia continuar na fun\u00e7\u00e3o com uma carga t\u00e3o pesada e acrescentou que a ren\u00fancia \u00e9 a \u00fanica op\u00e7\u00e3o correta.<\/p>\n<p>Ao menos 64 pessoas, incluindo 41 crian\u00e7as, morreram no inc\u00eandio que destruiu um shopping center da cidade de Kemerovo no domingo passado.<\/p>\n<p>A trag\u00e9dia provocou uma grande como\u00e7\u00e3o na R\u00fassia.<\/p>\n<p>Os parentes de muitas v\u00edtimas afirmaram que as mortes foram provocadas pela in\u00e9rcia dos bombeiros e da pol\u00edcia, pela falta de recursos e forma\u00e7\u00e3o necess\u00e1rias.<\/p>\n<p>Tuleyev foi muito criticado por n\u00e3o ter visitado o local da trag\u00e9dia nos primeiros dias ap\u00f3s o inc\u00eandio e por n\u00e3o ter se encontrado com as fam\u00edlias enlutadas.<\/p>\n<p>Em um primeiro momento, Putin havia rejeitado a destitui\u00e7\u00e3o do governador, apesar dos protestos na cidade.<\/p>\n<p>As autoridades russas afirmaram que v\u00e1rias normas de seguran\u00e7a foram desrespeitadas, o alarme de combate a inc\u00eandios n\u00e3o funcionava e os funcion\u00e1rios n\u00e3o seguiram os protocolos de emerg\u00eancia.<\/p>\n","protected":false},"excerpt":{"rendered":"<p>O governador da regi\u00e3o de Kemerovo, na Sib\u00e9ria ocidental, Aman Tuleyev, anunciou neste domingo sua ren\u00fancia, uma semana depois do inc\u00eandio em um shopping center que matou 64 pessoas, em sua maioria crian\u00e7as. O presidente russo Vladimir Putin aceitou a ren\u00fancia de Tuleyev, informou o Kremlin. Aman Tuleyev anunciou no in\u00edcio da manh\u00e3 o envio &hellip;<\/p>\n","protected":false},"author":2,"featured_media":34088,"comment_status":"open","ping_status":"open","sticky":false,"template":"","format":"standard","meta":{"footnotes":""},"categories":[4],"tags":[],"class_list":["post-34494","post","type-post","status-publish","format-standard","has-post-thumbnail","hentry","category-ultimas-noticias"],"_links":{"self":[{"href":"https:\/\/goiasemtempo.com.br\/home\/wp-json\/wp\/v2\/posts\/34494","targetHints":{"allow":["GET"]}}],"collection":[{"href":"https:\/\/goiasemtempo.com.br\/home\/wp-json\/wp\/v2\/posts"}],"about":[{"href":"https:\/\/goiasemtempo.com.br\/home\/wp-json\/wp\/v2\/types\/post"}],"author":[{"embeddable":true,"href":"https:\/\/goiasemtempo.com.br\/home\/wp-json\/wp\/v2\/users\/2"}],"replies":[{"embeddable":true,"href":"https:\/\/goiasemtempo.com.br\/home\/wp-json\/wp\/v2\/comments?post=34494"}],"version-history":[{"count":1,"href":"https:\/\/goiasemtempo.com.br\/home\/wp-json\/wp\/v2\/posts\/34494\/revisions"}],"predecessor-version":[{"id":34495,"href":"https:\/\/goiasemtempo.com.br\/home\/wp-json\/wp\/v2\/posts\/34494\/revisions\/34495"}],"wp:featuredmedia":[{"embeddable":true,"href":"https:\/\/goiasemtempo.com.br\/home\/wp-json\/wp\/v2\/media\/34088"}],"wp:attachment":[{"href":"https:\/\/goiasemtempo.com.br\/home\/wp-json\/wp\/v2\/media?parent=34494"}],"wp:term":[{"taxonomy":"category","embeddable":true,"href":"https:\/\/goiasemtempo.com.br\/home\/wp-json\/wp\/v2\/categories?post=34494"},{"taxonomy":"post_tag","embeddable":true,"href":"https:\/\/goiasemtempo.com.br\/home\/wp-json\/wp\/v2\/tags?post=34494"}],"curies":[{"name":"wp","href":"https:\/\/api.w.org\/{rel}","templated":true}]}}