{"id":34450,"date":"2018-04-03T16:36:30","date_gmt":"2018-04-03T16:36:30","guid":{"rendered":"https:\/\/goiasemtempo.com.br\/home\/?p=34450"},"modified":"2018-04-03T16:36:30","modified_gmt":"2018-04-03T16:36:30","slug":"equador-diz-que-equipe-de-imprensa-sequestrada-na-fronteira-com-a-colombia-esta-bem","status":"publish","type":"post","link":"https:\/\/goiasemtempo.com.br\/home\/equador-diz-que-equipe-de-imprensa-sequestrada-na-fronteira-com-a-colombia-esta-bem\/","title":{"rendered":"Equador diz que equipe de imprensa sequestrada na fronteira com a Col\u00f4mbia est\u00e1 bem"},"content":{"rendered":"<p>A equipe do jornal El Comercio de Quito, sequestrada na segunda-feira passada na fronteira com a Col\u00f4mbia por dissidentes da guerrilha das Farc, passa bem, segundo indicou neste s\u00e1bado o ministro do Interior do Equador, C\u00e9sar Navas.<\/p>\n<p>At\u00e9 ontem (sexta-feira) a informa\u00e7\u00e3o que t\u00ednhamos \u00e9 que estavam bem, e a situa\u00e7\u00e3o \u00e9 t\u00e3o est\u00e1vel, declarou a jornalistas pouco antes de se reunir com parentes do rep\u00f3rter, fot\u00f3grafo e motorista sequestrados.<\/p>\n<p>Ele informou que o encontro, realizado a portas fechadas em Quito, serviria para informar as fam\u00edlias do progresso das autoridades para garantir a liberta\u00e7\u00e3o dos ref\u00e9ns.<\/p>\n<p>O que queremos \u00e9 que nossos tr\u00eas cidad\u00e3os retornem em breve para o nosso pa\u00eds, disse Navas.<\/p>\n<p>As autoridades equatorianas acreditam que a equipe de reportagem foi levada para o lado colombiano da fronteira depois de ser sequestrada na cidade fronteiri\u00e7a de Mataje, na prov\u00edncia costeira de Esmeraldas.<\/p>\n<p>O rep\u00f3rter, o fot\u00f3grafo e o motorista do carro do El Comercio, um dos jornais mais influentes do Equador, est\u00e3o nas m\u00e3os de um grupo vinculado ao narcotr\u00e1fico que n\u00e3o participou do processo de paz com a guerrilha das Farc, j\u00e1 extintas.<\/p>\n<p>O l\u00edder deste grupo \u00e9 o terrorista conhecido como Guacho, e ele \u00e9, sem d\u00favida alguma, a pessoa respons\u00e1vel (&#8230;) pelo sequestro, afirmou o general Alberto Mej\u00eda, comandante das For\u00e7as Militares, em entrevista \u00e0 r\u00e1dio RCN.<\/p>\n<p>Guacho, um equatoriano identificado pela Intelig\u00eancia militar como Walter Art\u00edzala, de n\u00e3o mais de 35 anos, foi guerrilheiro das For\u00e7as Armadas Revolucion\u00e1rias da Col\u00f4mbia (Farc) por 15 anos, tempo em que se especializou em explosivos, narcotr\u00e1fico e finan\u00e7as.<\/p>\n<p>Ap\u00f3s se esquivar do acordo de paz com o agora partido pol\u00edtico For\u00e7a Alternativa Revolucion\u00e1ria do Comum, ficou \u00e0 frente de um grupo de 70 a 80 homens e se movimenta entre ambos os pa\u00edses por uma regi\u00e3o de floresta que serve de rota para o tr\u00e1fico de drogas.<\/p>\n<p>O suposto respons\u00e1vel do sequestro dos equatorianos tamb\u00e9m \u00e9 apontado pelas autoridades como autor de um ataque com explosivos que deixou cerca 200.000 pessoas sem luz no porto colombiano Tumaco, na \u00e1rea de fronteira.<\/p>\n","protected":false},"excerpt":{"rendered":"<p>A equipe do jornal El Comercio de Quito, sequestrada na segunda-feira passada na fronteira com a Col\u00f4mbia por dissidentes da guerrilha das Farc, passa bem, segundo indicou neste s\u00e1bado o ministro do Interior do Equador, C\u00e9sar Navas. At\u00e9 ontem (sexta-feira) a informa\u00e7\u00e3o que t\u00ednhamos \u00e9 que estavam bem, e a situa\u00e7\u00e3o \u00e9 t\u00e3o est\u00e1vel, declarou &hellip;<\/p>\n","protected":false},"author":2,"featured_media":34070,"comment_status":"open","ping_status":"open","sticky":false,"template":"","format":"standard","meta":{"footnotes":""},"categories":[4],"tags":[],"class_list":["post-34450","post","type-post","status-publish","format-standard","has-post-thumbnail","hentry","category-ultimas-noticias"],"_links":{"self":[{"href":"https:\/\/goiasemtempo.com.br\/home\/wp-json\/wp\/v2\/posts\/34450","targetHints":{"allow":["GET"]}}],"collection":[{"href":"https:\/\/goiasemtempo.com.br\/home\/wp-json\/wp\/v2\/posts"}],"about":[{"href":"https:\/\/goiasemtempo.com.br\/home\/wp-json\/wp\/v2\/types\/post"}],"author":[{"embeddable":true,"href":"https:\/\/goiasemtempo.com.br\/home\/wp-json\/wp\/v2\/users\/2"}],"replies":[{"embeddable":true,"href":"https:\/\/goiasemtempo.com.br\/home\/wp-json\/wp\/v2\/comments?post=34450"}],"version-history":[{"count":1,"href":"https:\/\/goiasemtempo.com.br\/home\/wp-json\/wp\/v2\/posts\/34450\/revisions"}],"predecessor-version":[{"id":34451,"href":"https:\/\/goiasemtempo.com.br\/home\/wp-json\/wp\/v2\/posts\/34450\/revisions\/34451"}],"wp:featuredmedia":[{"embeddable":true,"href":"https:\/\/goiasemtempo.com.br\/home\/wp-json\/wp\/v2\/media\/34070"}],"wp:attachment":[{"href":"https:\/\/goiasemtempo.com.br\/home\/wp-json\/wp\/v2\/media?parent=34450"}],"wp:term":[{"taxonomy":"category","embeddable":true,"href":"https:\/\/goiasemtempo.com.br\/home\/wp-json\/wp\/v2\/categories?post=34450"},{"taxonomy":"post_tag","embeddable":true,"href":"https:\/\/goiasemtempo.com.br\/home\/wp-json\/wp\/v2\/tags?post=34450"}],"curies":[{"name":"wp","href":"https:\/\/api.w.org\/{rel}","templated":true}]}}