{"id":34414,"date":"2018-04-03T16:20:38","date_gmt":"2018-04-03T16:20:38","guid":{"rendered":"https:\/\/goiasemtempo.com.br\/home\/?p=34414"},"modified":"2018-04-03T16:20:38","modified_gmt":"2018-04-03T16:20:38","slug":"congresso-realiza-sessao-na-terca-feira-para-analise-de-vetos-presidenciais","status":"publish","type":"post","link":"https:\/\/goiasemtempo.com.br\/home\/congresso-realiza-sessao-na-terca-feira-para-analise-de-vetos-presidenciais\/","title":{"rendered":"Congresso realiza sess\u00e3o na ter\u00e7a-feira para an\u00e1lise de vetos presidenciais"},"content":{"rendered":"<p>O Congresso Nacional tem sess\u00e3o na ter\u00e7a-feira (3), \u00e0s 14h30, para an\u00e1lise de vetos presidenciais. A pauta inclui veto do presidente Michel Temer ao perd\u00e3o de multas e encargos sobre as d\u00edvidas de produtores rurais. Trata-se do veto parcial ao projeto que originou a Lei 13.606\/18, que instituiu o Programa de Regulariza\u00e7\u00e3o Tribut\u00e1ria Rural (PRR) para d\u00e9bitos acumulados com o Fundo de Assist\u00eancia ao Trabalhador Rural (Funrural).<\/p>\n<p>Outro item da pauta \u00e9 o veto total ao Programa Especial de Regulariza\u00e7\u00e3o Tribut\u00e1ria das Microempresas e Empresas de Pequeno Porte optantes pelo Simples Nacional (Refis das micro e pequenas empresas).<\/p>\n<p>Agentes comunit\u00e1rios<br \/>\nO presidente do Senado, Eun\u00edcio Oliveira, anunciou que, no dia 10 de abril, haver\u00e1 outra sess\u00e3o do Congresso para aprecia\u00e7\u00e3o do veto parcial ao projeto que reformulou a carreira de agentes comunit\u00e1rios de sa\u00fade e agentes de combate \u00e0s endemias.<\/p>\n<p>O projeto foi sancionado pelo presidente da Rep\u00fablica em janeiro, na forma da Lei 13.595\/18, com uma s\u00e9rie de pontos vetados, como a jornada semanal de 40 horas, indeniza\u00e7\u00e3o por transporte e regras de cursos de forma\u00e7\u00e3o continuada.<\/p>\n","protected":false},"excerpt":{"rendered":"<p>O Congresso Nacional tem sess\u00e3o na ter\u00e7a-feira (3), \u00e0s 14h30, para an\u00e1lise de vetos presidenciais. A pauta inclui veto do presidente Michel Temer ao perd\u00e3o de multas e encargos sobre as d\u00edvidas de produtores rurais. Trata-se do veto parcial ao projeto que originou a Lei 13.606\/18, que instituiu o Programa de Regulariza\u00e7\u00e3o Tribut\u00e1ria Rural (PRR) &hellip;<\/p>\n","protected":false},"author":2,"featured_media":34034,"comment_status":"open","ping_status":"open","sticky":false,"template":"","format":"standard","meta":{"footnotes":""},"categories":[4],"tags":[],"class_list":["post-34414","post","type-post","status-publish","format-standard","has-post-thumbnail","hentry","category-ultimas-noticias"],"_links":{"self":[{"href":"https:\/\/goiasemtempo.com.br\/home\/wp-json\/wp\/v2\/posts\/34414","targetHints":{"allow":["GET"]}}],"collection":[{"href":"https:\/\/goiasemtempo.com.br\/home\/wp-json\/wp\/v2\/posts"}],"about":[{"href":"https:\/\/goiasemtempo.com.br\/home\/wp-json\/wp\/v2\/types\/post"}],"author":[{"embeddable":true,"href":"https:\/\/goiasemtempo.com.br\/home\/wp-json\/wp\/v2\/users\/2"}],"replies":[{"embeddable":true,"href":"https:\/\/goiasemtempo.com.br\/home\/wp-json\/wp\/v2\/comments?post=34414"}],"version-history":[{"count":1,"href":"https:\/\/goiasemtempo.com.br\/home\/wp-json\/wp\/v2\/posts\/34414\/revisions"}],"predecessor-version":[{"id":34415,"href":"https:\/\/goiasemtempo.com.br\/home\/wp-json\/wp\/v2\/posts\/34414\/revisions\/34415"}],"wp:featuredmedia":[{"embeddable":true,"href":"https:\/\/goiasemtempo.com.br\/home\/wp-json\/wp\/v2\/media\/34034"}],"wp:attachment":[{"href":"https:\/\/goiasemtempo.com.br\/home\/wp-json\/wp\/v2\/media?parent=34414"}],"wp:term":[{"taxonomy":"category","embeddable":true,"href":"https:\/\/goiasemtempo.com.br\/home\/wp-json\/wp\/v2\/categories?post=34414"},{"taxonomy":"post_tag","embeddable":true,"href":"https:\/\/goiasemtempo.com.br\/home\/wp-json\/wp\/v2\/tags?post=34414"}],"curies":[{"name":"wp","href":"https:\/\/api.w.org\/{rel}","templated":true}]}}