{"id":34388,"date":"2018-04-03T16:09:13","date_gmt":"2018-04-03T16:09:13","guid":{"rendered":"https:\/\/goiasemtempo.com.br\/home\/?p=34388"},"modified":"2018-04-03T16:09:13","modified_gmt":"2018-04-03T16:09:13","slug":"operacao-integrada-da-policia-civil-de-mt-e-am-recebe-oscar-da-seguranca-em-manaus","status":"publish","type":"post","link":"https:\/\/goiasemtempo.com.br\/home\/operacao-integrada-da-policia-civil-de-mt-e-am-recebe-oscar-da-seguranca-em-manaus\/","title":{"rendered":"Opera\u00e7\u00e3o integrada da Pol\u00edcia Civil de MT e AM recebe Oscar da Seguran\u00e7a em Manaus"},"content":{"rendered":"<p>A opera\u00e7\u00e3o Jaleco Preto, a qual a Pol\u00edcia Judici\u00e1ria Civil de Mato Grosso deu apoio, foi premiada com o 7\u00ba Oscar da Seguran\u00e7a e Cidadania Amazonas 2017\/2018. A premia\u00e7\u00e3o ocorreu na noite de sexta-feira (30.03), no Centro de Conven\u00e7\u00f5es Vasco Vasques, em Manaus (AM).<\/p>\n<p>O evento, idealizado pelos e especialista em Seguran\u00e7a P\u00fablica e apresentador, Hilton Ferreira, homenageou personalidades que trabalham em prol da prote\u00e7\u00e3o da sociedade amazonense. Ao todo foram 53 homenageados, entre eles o delegado C\u00edcero T\u00falio Coutinho Silva, titular da 23\u00ba Distrito Integrado de Pol\u00edcia em Manaus, respons\u00e1vel pela opera\u00e7\u00e3o.<\/p>\n<p>A opera\u00e7\u00e3o Jaleco Preto, presidida pela Pol\u00edcia Civil do Estado da Amaz\u00f4nia, foi deflagrada no dia 23 de novembro de 2017 e deu cumprimento a 11 ordens judiciais contra membros de uma organiza\u00e7\u00e3o criminosa, comandada por presidi\u00e1rios da Penitenci\u00e1ria Major Eldo S\u00e1 Corr\u00eaa (Mata Grande), em Rondon\u00f3polis (212 km ao Sul).<\/p>\n<p>As investiga\u00e7\u00f5es tinham como alvo a quadrilha que aplicou golpes de estelionatos em mais de dez hospitais particulares do Amazonas e dezenas de unidades hospitalares em outros estados brasileiros. O lucro mensal com o golpe do falso m\u00e9dico ultrapassava a cifra dos R$ 200 mil.<\/p>\n<p>A opera\u00e7\u00e3o conta com apoio Diretoria de Intelig\u00eancia da  Pol\u00edcia Civil do Mato Grosso, Delegacia de Roubos e Furtos (Derf) e Delegacia Regional, ambas de Rondon\u00f3polis, Ger\u00eancia de Opera\u00e7\u00f5es Especiais (GOE), e setor de Intelig\u00eancia do Sistema Penitenci\u00e1rio, da Secretaria de Justi\u00e7a e Direitos Humanos (Sejudh). Para a\u00e7\u00e3o foram empregados mais de 50 policiais e agentes penitenci\u00e1rios.<\/p>\n","protected":false},"excerpt":{"rendered":"<p>A opera\u00e7\u00e3o Jaleco Preto, a qual a Pol\u00edcia Judici\u00e1ria Civil de Mato Grosso deu apoio, foi premiada com o 7\u00ba Oscar da Seguran\u00e7a e Cidadania Amazonas 2017\/2018. A premia\u00e7\u00e3o ocorreu na noite de sexta-feira (30.03), no Centro de Conven\u00e7\u00f5es Vasco Vasques, em Manaus (AM). O evento, idealizado pelos e especialista em Seguran\u00e7a P\u00fablica e apresentador, &hellip;<\/p>\n","protected":false},"author":2,"featured_media":34142,"comment_status":"open","ping_status":"open","sticky":false,"template":"","format":"standard","meta":{"_exactmetrics_skip_tracking":false,"_exactmetrics_sitenote_active":false,"_exactmetrics_sitenote_note":"","_exactmetrics_sitenote_category":0,"footnotes":""},"categories":[4],"tags":[],"_links":{"self":[{"href":"https:\/\/goiasemtempo.com.br\/home\/wp-json\/wp\/v2\/posts\/34388"}],"collection":[{"href":"https:\/\/goiasemtempo.com.br\/home\/wp-json\/wp\/v2\/posts"}],"about":[{"href":"https:\/\/goiasemtempo.com.br\/home\/wp-json\/wp\/v2\/types\/post"}],"author":[{"embeddable":true,"href":"https:\/\/goiasemtempo.com.br\/home\/wp-json\/wp\/v2\/users\/2"}],"replies":[{"embeddable":true,"href":"https:\/\/goiasemtempo.com.br\/home\/wp-json\/wp\/v2\/comments?post=34388"}],"version-history":[{"count":1,"href":"https:\/\/goiasemtempo.com.br\/home\/wp-json\/wp\/v2\/posts\/34388\/revisions"}],"predecessor-version":[{"id":34389,"href":"https:\/\/goiasemtempo.com.br\/home\/wp-json\/wp\/v2\/posts\/34388\/revisions\/34389"}],"wp:featuredmedia":[{"embeddable":true,"href":"https:\/\/goiasemtempo.com.br\/home\/wp-json\/wp\/v2\/media\/34142"}],"wp:attachment":[{"href":"https:\/\/goiasemtempo.com.br\/home\/wp-json\/wp\/v2\/media?parent=34388"}],"wp:term":[{"taxonomy":"category","embeddable":true,"href":"https:\/\/goiasemtempo.com.br\/home\/wp-json\/wp\/v2\/categories?post=34388"},{"taxonomy":"post_tag","embeddable":true,"href":"https:\/\/goiasemtempo.com.br\/home\/wp-json\/wp\/v2\/tags?post=34388"}],"curies":[{"name":"wp","href":"https:\/\/api.w.org\/{rel}","templated":true}]}}