{"id":34374,"date":"2018-04-03T16:03:04","date_gmt":"2018-04-03T16:03:04","guid":{"rendered":"https:\/\/goiasemtempo.com.br\/home\/?p=34374"},"modified":"2018-04-03T16:03:04","modified_gmt":"2018-04-03T16:03:04","slug":"camara-recebe-exposicao-inedita-no-brasil-sobre-o-holocausto","status":"publish","type":"post","link":"https:\/\/goiasemtempo.com.br\/home\/camara-recebe-exposicao-inedita-no-brasil-sobre-o-holocausto\/","title":{"rendered":"C\u00e2mara recebe exposi\u00e7\u00e3o in\u00e9dita no Brasil sobre o Holocausto"},"content":{"rendered":"<p>A C\u00e2mara dos Deputados abre nesta segunda-feira (26) a exposi\u00e7\u00e3o Sho\u00e1 \u2013 o Holocausto: como foi humanamente poss\u00edvel?, que retrata os horrores da Segunda Guerra Mundial. A mostra exibe pain\u00e9is com imagens e textos que explicam, de forma clara, acess\u00edvel e did\u00e1tica, a vida dos judeus, a ascens\u00e3o e a propaganda nazista, al\u00e9m dos guetos e dos campos de concentra\u00e7\u00e3o, entre outros temas.<\/p>\n<p>Al\u00e9m dos eventos cronol\u00f3gicos, o visitante tamb\u00e9m poder\u00e1 ver fotos e depoimentos de pessoas que sofreram os horrores da guerra. O objetivo \u00e9 estimular os visitantes a refletir sobre o assassinato em massa de cerca de seis milh\u00f5es de judeus durante a Segunda Guerra Mundial. A mostra tamb\u00e9m traz o tema para os dias de hoje, a fim de educar jovens e construir uma mem\u00f3ria coletiva universal, que transmita e compartilhe valores como toler\u00e2ncia, respeito, diversidade, igualdade, resist\u00eancia e resili\u00eancia.<\/p>\n<p>A exposi\u00e7\u00e3o \u00e9 uma realiza\u00e7\u00e3o do Departamento de Exposi\u00e7\u00f5es Itinerantes do Yad Vashem (Centro Mundial de Lembran\u00e7a do Holocausto), em Jerusal\u00e9m, Israel, com curadoria de Rinat Harris-Pavis e consultoria de Avraham Milgram. A mostra foi exibida pela primeira vez em janeiro de 2015 na sede da Organiza\u00e7\u00e3o das Na\u00e7\u00f5es Unidas (ONU), em Nova York.<\/p>\n<p>Com a inaugura\u00e7\u00e3o na C\u00e2mara, a exposi\u00e7\u00e3o inicia a sua trajet\u00f3ria no circuito cultural brasileiro. O Museu do Holocausto de Curitiba foi o respons\u00e1vel pela aquisi\u00e7\u00e3o dos direitos, tradu\u00e7\u00e3o, adapta\u00e7\u00e3o e produ\u00e7\u00e3o da mostra em territ\u00f3rio nacional.<\/p>\n<p>A exposi\u00e7\u00e3o poder\u00e1 ser conferida at\u00e9 11 de abril, de segunda a sexta, das 9 \u00e0s 17 horas, no corredor de acesso ao Plen\u00e1rio Ulysses Guimar\u00e3es. A entrada \u00e9 franca.<\/p>\n","protected":false},"excerpt":{"rendered":"<p>A C\u00e2mara dos Deputados abre nesta segunda-feira (26) a exposi\u00e7\u00e3o Sho\u00e1 \u2013 o Holocausto: como foi humanamente poss\u00edvel?, que retrata os horrores da Segunda Guerra Mundial. A mostra exibe pain\u00e9is com imagens e textos que explicam, de forma clara, acess\u00edvel e did\u00e1tica, a vida dos judeus, a ascens\u00e3o e a propaganda nazista, al\u00e9m dos guetos &hellip;<\/p>\n","protected":false},"author":2,"featured_media":34048,"comment_status":"open","ping_status":"open","sticky":false,"template":"","format":"standard","meta":{"footnotes":""},"categories":[4],"tags":[],"class_list":["post-34374","post","type-post","status-publish","format-standard","has-post-thumbnail","hentry","category-ultimas-noticias"],"_links":{"self":[{"href":"https:\/\/goiasemtempo.com.br\/home\/wp-json\/wp\/v2\/posts\/34374","targetHints":{"allow":["GET"]}}],"collection":[{"href":"https:\/\/goiasemtempo.com.br\/home\/wp-json\/wp\/v2\/posts"}],"about":[{"href":"https:\/\/goiasemtempo.com.br\/home\/wp-json\/wp\/v2\/types\/post"}],"author":[{"embeddable":true,"href":"https:\/\/goiasemtempo.com.br\/home\/wp-json\/wp\/v2\/users\/2"}],"replies":[{"embeddable":true,"href":"https:\/\/goiasemtempo.com.br\/home\/wp-json\/wp\/v2\/comments?post=34374"}],"version-history":[{"count":1,"href":"https:\/\/goiasemtempo.com.br\/home\/wp-json\/wp\/v2\/posts\/34374\/revisions"}],"predecessor-version":[{"id":34375,"href":"https:\/\/goiasemtempo.com.br\/home\/wp-json\/wp\/v2\/posts\/34374\/revisions\/34375"}],"wp:featuredmedia":[{"embeddable":true,"href":"https:\/\/goiasemtempo.com.br\/home\/wp-json\/wp\/v2\/media\/34048"}],"wp:attachment":[{"href":"https:\/\/goiasemtempo.com.br\/home\/wp-json\/wp\/v2\/media?parent=34374"}],"wp:term":[{"taxonomy":"category","embeddable":true,"href":"https:\/\/goiasemtempo.com.br\/home\/wp-json\/wp\/v2\/categories?post=34374"},{"taxonomy":"post_tag","embeddable":true,"href":"https:\/\/goiasemtempo.com.br\/home\/wp-json\/wp\/v2\/tags?post=34374"}],"curies":[{"name":"wp","href":"https:\/\/api.w.org\/{rel}","templated":true}]}}