{"id":3436,"date":"2017-12-24T11:49:39","date_gmt":"2017-12-24T11:49:39","guid":{"rendered":"http:\/\/goiasemtempo.com.br\/home\/?p=3436"},"modified":"2017-12-24T11:49:39","modified_gmt":"2017-12-24T11:49:39","slug":"ministerio-da-justica-questiona-pesquisa-sobre-barateamento-de-passagem-aerea","status":"publish","type":"post","link":"https:\/\/goiasemtempo.com.br\/home\/ministerio-da-justica-questiona-pesquisa-sobre-barateamento-de-passagem-aerea\/","title":{"rendered":"Minist\u00e9rio da Justi\u00e7a questiona pesquisa sobre barateamento de passagem a\u00e9rea"},"content":{"rendered":"<p>A autenticidade de uma pesquisa da Associa\u00e7\u00e3o Brasileira das Empresas A\u00e9reas (Abear) segundo a qual a cobran\u00e7a de bagagens despachadas levou ao barateamento das passagens de avi\u00e3o ser\u00e1 averiguada pelo Minist\u00e9rio da Justi\u00e7a e Seguran\u00e7a P\u00fablica. O Departamento de Prote\u00e7\u00e3o e Defesa do Consumidor (DPDC), vinculado \u00e0 pasta, questionou a consist\u00eancia das informa\u00e7\u00f5es, divulgadas quinta-feira (21), e far\u00e1 uma investiga\u00e7\u00e3o dos dados apresentados.<\/p>\n<p>De acordo com a pesquisa, a redu\u00e7\u00e3o no valor das passagens foi de 7% a 30%, entre junho, m\u00eas em que a Resolu\u00e7\u00e3o n\u00ba 400, da Ag\u00eancia Nacional de Avia\u00e7\u00e3o Civil (Anac), passou a vigorar, e o in\u00edcio de setembro.<\/p>\n<p>Para o DPDC, o levantamento deveria ter exposto com mais clareza a metodologia aplicada, al\u00e9m de ter considerado outros fatores como ocasionadores da queda de pre\u00e7os, como varia\u00e7\u00f5es do d\u00f3lar, da infla\u00e7\u00e3o e do Produto Interno Bruno (PIB, soma de todos os bens e servi\u00e7os produzidos no pa\u00eds).<\/p>\n<p>\u201cO \u00edndice m\u00e1ximo da suposta queda do pre\u00e7o [de 30%] tamb\u00e9m torna suspeita a informa\u00e7\u00e3o divulgada, considerando que uma oscila\u00e7\u00e3o dessa ordem n\u00e3o ocorreria em t\u00e3o pouco tempo e com base em um fator exclusivo\u201d, afirmou o chefe da Secretaria Nacional do Consumidor (Senacon), Arthur Rollo. A Senacon \u00e9 vinculada ao DPDC.<\/p>\n<p>Na pr\u00e1tica<\/p>\n<p>Com a resolu\u00e7\u00e3o da Anac, foi estabelecido um aumento da franquia de bagagem de m\u00e3o de 5 para 10 quilos. O passageiro que estiver com uma bagagem de m\u00e3o com peso superior a 10 quilos ter\u00e1 que despachar o volume, pagando uma taxa extra. Algumas companhias a\u00e9reas permitem que o passageiro opte por pagar pelo volume despachado no momento da compra da passagem ou somente no balc\u00e3o de check-in. Caso escolha a segunda alternativa, o valor da taxa tem sido mais alto.<\/p>\n","protected":false},"excerpt":{"rendered":"<p>A autenticidade de uma pesquisa da Associa\u00e7\u00e3o Brasileira das Empresas A\u00e9reas (Abear) segundo a qual a cobran\u00e7a de bagagens despachadas levou ao barateamento das passagens de avi\u00e3o ser\u00e1 averiguada pelo Minist\u00e9rio da Justi\u00e7a e Seguran\u00e7a P\u00fablica. O Departamento de Prote\u00e7\u00e3o e Defesa do Consumidor (DPDC), vinculado \u00e0 pasta, questionou a consist\u00eancia das informa\u00e7\u00f5es, divulgadas quinta-feira &hellip;<\/p>\n","protected":false},"author":2,"featured_media":1104,"comment_status":"open","ping_status":"open","sticky":false,"template":"","format":"standard","meta":{"_exactmetrics_skip_tracking":false,"_exactmetrics_sitenote_active":false,"_exactmetrics_sitenote_note":"","_exactmetrics_sitenote_category":0,"footnotes":""},"categories":[4],"tags":[],"_links":{"self":[{"href":"https:\/\/goiasemtempo.com.br\/home\/wp-json\/wp\/v2\/posts\/3436"}],"collection":[{"href":"https:\/\/goiasemtempo.com.br\/home\/wp-json\/wp\/v2\/posts"}],"about":[{"href":"https:\/\/goiasemtempo.com.br\/home\/wp-json\/wp\/v2\/types\/post"}],"author":[{"embeddable":true,"href":"https:\/\/goiasemtempo.com.br\/home\/wp-json\/wp\/v2\/users\/2"}],"replies":[{"embeddable":true,"href":"https:\/\/goiasemtempo.com.br\/home\/wp-json\/wp\/v2\/comments?post=3436"}],"version-history":[{"count":1,"href":"https:\/\/goiasemtempo.com.br\/home\/wp-json\/wp\/v2\/posts\/3436\/revisions"}],"predecessor-version":[{"id":3437,"href":"https:\/\/goiasemtempo.com.br\/home\/wp-json\/wp\/v2\/posts\/3436\/revisions\/3437"}],"wp:featuredmedia":[{"embeddable":true,"href":"https:\/\/goiasemtempo.com.br\/home\/wp-json\/wp\/v2\/media\/1104"}],"wp:attachment":[{"href":"https:\/\/goiasemtempo.com.br\/home\/wp-json\/wp\/v2\/media?parent=3436"}],"wp:term":[{"taxonomy":"category","embeddable":true,"href":"https:\/\/goiasemtempo.com.br\/home\/wp-json\/wp\/v2\/categories?post=3436"},{"taxonomy":"post_tag","embeddable":true,"href":"https:\/\/goiasemtempo.com.br\/home\/wp-json\/wp\/v2\/tags?post=3436"}],"curies":[{"name":"wp","href":"https:\/\/api.w.org\/{rel}","templated":true}]}}