{"id":34342,"date":"2018-04-03T15:48:58","date_gmt":"2018-04-03T15:48:58","guid":{"rendered":"https:\/\/goiasemtempo.com.br\/home\/?p=34342"},"modified":"2018-04-03T15:48:58","modified_gmt":"2018-04-03T15:48:58","slug":"presidente-da-camara-defende-investigacao-rapida-das-ameacas-a-fachin","status":"publish","type":"post","link":"https:\/\/goiasemtempo.com.br\/home\/presidente-da-camara-defende-investigacao-rapida-das-ameacas-a-fachin\/","title":{"rendered":"Presidente da C\u00e2mara defende investiga\u00e7\u00e3o r\u00e1pida das amea\u00e7as a Fachin"},"content":{"rendered":"<p>O presidente da C\u00e2mara dos Deputados, Rodrigo Maia, considerou muito graves as amea\u00e7as de morte feitas ao ministro do Supremo Tribunal Federal Edson Fachin. Segundo Maia, \u00e9 fundamental numa democracia que os ju\u00edzes possam decidir livremente, sem interfer\u00eancias de qualquer natureza.<\/p>\n<p>Relator da Opera\u00e7\u00e3o Lava Jato no STF, o ministro disse em entrevista \u00e0 imprensa que pediu provid\u00eancias \u00e0 presidente do Supremo, C\u00e1rmen L\u00facia, pois est\u00e1 preocupado com a seguran\u00e7a da fam\u00edlia.<\/p>\n<p>\u201c\u00c9 muito grave. A gente espera que o Minist\u00e9rio P\u00fablico, em conjunto com a Pol\u00edcia Federal, possa agir r\u00e1pido, garantindo a vida e a integridade f\u00edsica do ministro Fachin e esclarecendo os fatos. Acho que \u00e9 um momento muito delicado, o Supremo tem recebido muitas demandas importantes, que mexem muito com a sociedade, mas isso n\u00e3o pode de forma nenhuma colocar em risco a vida de um ministro\u201d, afirmou Rodrigo Maia.<\/p>\n<p>Para o presidente da C\u00e2mara, o voto de um juiz tem que estar sempre preservado. \u201cQue todos os ministros do STF tenham total liberdade para julgar da forma que entenderem correta qualquer tema, seja contra o crime organizado, seja contra pol\u00edticos, seja contra empres\u00e1rios. Essa condi\u00e7\u00e3o \u00e9 fundamental para que a gente tenha a nossa democracia de p\u00e9. A nossa democracia j\u00e1 passou nos \u00faltimos anos por muitos sobressaltos e a gente n\u00e3o pode ter um sobressalto desse tamanho, dessa gravidade\u201d, acrescentou.<\/p>\n","protected":false},"excerpt":{"rendered":"<p>O presidente da C\u00e2mara dos Deputados, Rodrigo Maia, considerou muito graves as amea\u00e7as de morte feitas ao ministro do Supremo Tribunal Federal Edson Fachin. Segundo Maia, \u00e9 fundamental numa democracia que os ju\u00edzes possam decidir livremente, sem interfer\u00eancias de qualquer natureza. Relator da Opera\u00e7\u00e3o Lava Jato no STF, o ministro disse em entrevista \u00e0 imprensa &hellip;<\/p>\n","protected":false},"author":2,"featured_media":34036,"comment_status":"open","ping_status":"open","sticky":false,"template":"","format":"standard","meta":{"_exactmetrics_skip_tracking":false,"_exactmetrics_sitenote_active":false,"_exactmetrics_sitenote_note":"","_exactmetrics_sitenote_category":0,"footnotes":""},"categories":[4],"tags":[],"_links":{"self":[{"href":"https:\/\/goiasemtempo.com.br\/home\/wp-json\/wp\/v2\/posts\/34342"}],"collection":[{"href":"https:\/\/goiasemtempo.com.br\/home\/wp-json\/wp\/v2\/posts"}],"about":[{"href":"https:\/\/goiasemtempo.com.br\/home\/wp-json\/wp\/v2\/types\/post"}],"author":[{"embeddable":true,"href":"https:\/\/goiasemtempo.com.br\/home\/wp-json\/wp\/v2\/users\/2"}],"replies":[{"embeddable":true,"href":"https:\/\/goiasemtempo.com.br\/home\/wp-json\/wp\/v2\/comments?post=34342"}],"version-history":[{"count":1,"href":"https:\/\/goiasemtempo.com.br\/home\/wp-json\/wp\/v2\/posts\/34342\/revisions"}],"predecessor-version":[{"id":34343,"href":"https:\/\/goiasemtempo.com.br\/home\/wp-json\/wp\/v2\/posts\/34342\/revisions\/34343"}],"wp:featuredmedia":[{"embeddable":true,"href":"https:\/\/goiasemtempo.com.br\/home\/wp-json\/wp\/v2\/media\/34036"}],"wp:attachment":[{"href":"https:\/\/goiasemtempo.com.br\/home\/wp-json\/wp\/v2\/media?parent=34342"}],"wp:term":[{"taxonomy":"category","embeddable":true,"href":"https:\/\/goiasemtempo.com.br\/home\/wp-json\/wp\/v2\/categories?post=34342"},{"taxonomy":"post_tag","embeddable":true,"href":"https:\/\/goiasemtempo.com.br\/home\/wp-json\/wp\/v2\/tags?post=34342"}],"curies":[{"name":"wp","href":"https:\/\/api.w.org\/{rel}","templated":true}]}}