{"id":34296,"date":"2018-04-03T15:28:47","date_gmt":"2018-04-03T15:28:47","guid":{"rendered":"https:\/\/goiasemtempo.com.br\/home\/?p=34296"},"modified":"2018-04-03T15:28:47","modified_gmt":"2018-04-03T15:28:47","slug":"sejudh-qualifica-agentes-em-procedimentos-operacionais","status":"publish","type":"post","link":"https:\/\/goiasemtempo.com.br\/home\/sejudh-qualifica-agentes-em-procedimentos-operacionais\/","title":{"rendered":"Sejudh qualifica agentes em procedimentos operacionais"},"content":{"rendered":"<p>Mais 68 agentes penitenci\u00e1rios da Secretaria de Justi\u00e7a e direitos Humanos (Sejudh) foram qualificados neste m\u00eas em realinhamento e padroniza\u00e7\u00e3o em pr\u00e1ticas operacionais, comboio e escolta. Os cursos s\u00e3o coordenados pela Diretoria de Ensino Penitenci\u00e1rio e as atividades foram desenvolvidas em locais como a Penitenci\u00e1ria Central do Estado e Batalh\u00e3o da Rotam.<\/p>\n<p>O curso de realinhamento e padroniza\u00e7\u00e3o em pr\u00e1ticas operacionais foi realizado na \u00faltima semana e abordou a uniformiza\u00e7\u00e3o dos servi\u00e7os de rotinas, escolta de reeducandos, procedimentos padr\u00f5es, armamento e tiro.<\/p>\n<p>\u201cO curso nos proporciona atualiza\u00e7\u00e3o em nossa atividade no dia a dia dentro da unidade penal quanto a escolta, comboio e o atendimento do reeducando fora da unidade. O servidor bem qualificado pode garantir a seguran\u00e7a dele e o do reeducando e da sociedade l\u00e1 fora tamb\u00e9m\u201d, afirma o agente penitenci\u00e1rio Jo\u00e3o Bosco.<\/p>\n<p>A turma est\u00e1 de parab\u00e9ns pelo empenho e dedica\u00e7\u00e3o, temos servidores que deixam a folga para aqui buscar conhecimento a mais do que j\u00e1 foi passado, de quando assumimos a fun\u00e7\u00e3o armada\u201d, destaca um dos instrutores do curso, Jo\u00e3o Batista Borba.<\/p>\n<p>Comboio e escolta       <\/p>\n<p>Outra turma de 26 agentes penitenci\u00e1rios participou de uma capacita\u00e7\u00e3o sobre legisla\u00e7\u00e3o de tr\u00e2nsito, regras para a condu\u00e7\u00e3o de ve\u00edculos, checagem administrativa de toda muni\u00e7\u00e3o, documenta\u00e7\u00e3o, forma\u00e7\u00e3o de comboio e escolta em geral, mec\u00e2nica b\u00e1sica de autom\u00f3veis, contraemboscada e dire\u00e7\u00e3o t\u00e1tica. Foram 50 horas de curso.<\/p>\n<p>O diretor de Ensino Penitenci\u00e1rio, Anderson Santana, enfatiza que as capacita\u00e7\u00f5es s\u00e3o essenciais para a forma\u00e7\u00e3o dos agentes penitenci\u00e1rios. \u2018\u2019Agregam mais conhecimentos focando principalmente em situa\u00e7\u00f5es cr\u00edticas. Passamos essas t\u00e9cnicas para nossos servidores para que eles possam operar com mais seguran\u00e7a no dia a dia\u201d.<\/p>\n","protected":false},"excerpt":{"rendered":"<p>Mais 68 agentes penitenci\u00e1rios da Secretaria de Justi\u00e7a e direitos Humanos (Sejudh) foram qualificados neste m\u00eas em realinhamento e padroniza\u00e7\u00e3o em pr\u00e1ticas operacionais, comboio e escolta. Os cursos s\u00e3o coordenados pela Diretoria de Ensino Penitenci\u00e1rio e as atividades foram desenvolvidas em locais como a Penitenci\u00e1ria Central do Estado e Batalh\u00e3o da Rotam. O curso de &hellip;<\/p>\n","protected":false},"author":2,"featured_media":34166,"comment_status":"open","ping_status":"open","sticky":false,"template":"","format":"standard","meta":{"_exactmetrics_skip_tracking":false,"_exactmetrics_sitenote_active":false,"_exactmetrics_sitenote_note":"","_exactmetrics_sitenote_category":0,"footnotes":""},"categories":[4],"tags":[],"_links":{"self":[{"href":"https:\/\/goiasemtempo.com.br\/home\/wp-json\/wp\/v2\/posts\/34296"}],"collection":[{"href":"https:\/\/goiasemtempo.com.br\/home\/wp-json\/wp\/v2\/posts"}],"about":[{"href":"https:\/\/goiasemtempo.com.br\/home\/wp-json\/wp\/v2\/types\/post"}],"author":[{"embeddable":true,"href":"https:\/\/goiasemtempo.com.br\/home\/wp-json\/wp\/v2\/users\/2"}],"replies":[{"embeddable":true,"href":"https:\/\/goiasemtempo.com.br\/home\/wp-json\/wp\/v2\/comments?post=34296"}],"version-history":[{"count":1,"href":"https:\/\/goiasemtempo.com.br\/home\/wp-json\/wp\/v2\/posts\/34296\/revisions"}],"predecessor-version":[{"id":34297,"href":"https:\/\/goiasemtempo.com.br\/home\/wp-json\/wp\/v2\/posts\/34296\/revisions\/34297"}],"wp:featuredmedia":[{"embeddable":true,"href":"https:\/\/goiasemtempo.com.br\/home\/wp-json\/wp\/v2\/media\/34166"}],"wp:attachment":[{"href":"https:\/\/goiasemtempo.com.br\/home\/wp-json\/wp\/v2\/media?parent=34296"}],"wp:term":[{"taxonomy":"category","embeddable":true,"href":"https:\/\/goiasemtempo.com.br\/home\/wp-json\/wp\/v2\/categories?post=34296"},{"taxonomy":"post_tag","embeddable":true,"href":"https:\/\/goiasemtempo.com.br\/home\/wp-json\/wp\/v2\/tags?post=34296"}],"curies":[{"name":"wp","href":"https:\/\/api.w.org\/{rel}","templated":true}]}}